{"id":84854,"date":"2026-02-02T17:35:18","date_gmt":"2026-02-02T14:35:18","guid":{"rendered":"https:\/\/www.egemtv.com\/?p=84854"},"modified":"2026-02-02T17:35:22","modified_gmt":"2026-02-02T14:35:22","slug":"antalyadaki-otobus-kazasinda-hayatini-kaybeden-surucu-memleketi-kutahyada-son-yolculuguna-ugurlandi","status":"publish","type":"post","link":"https:\/\/www.egemtv.com\/?p=84854","title":{"rendered":"Antalya\u2019daki otob\u00fcs kazas\u0131nda hayat\u0131n\u0131 kaybeden s\u00fcr\u00fcc\u00fc memleketi K\u00fctahya\u2019da son yolculu\u011funa u\u011furland\u0131"},"content":{"rendered":"<p>Antalya\u2019n\u0131n D\u00f6\u015femealt\u0131 il\u00e7esinde yolcu otob\u00fcs\u00fcn\u00fcn \u015farampole devrilmesi sonucu meydana gelen kazada hayat\u0131n\u0131 kaybeden otob\u00fcs \u015fof\u00f6r\u00fc \u0130zzet Karaa\u011fa\u00e7, memleketi K\u00fctahya\u2019da topra\u011fa verildi.<br \/>\n<br \/>Hayat\u0131n\u0131 kaybeden \u0130zzet Karaa\u011fa\u00e7\u2019\u0131n cenazesi, Antalya\u2019daki adli i\u015flemlerin tamamlanmas\u0131n\u0131n ard\u0131ndan memleketi K\u00fctahya\u2019ya getirildi. Karaa\u011fa\u00e7 i\u00e7in K\u00fctahya Meydan Camii\u2019nde ikindi namaz\u0131n\u0131 m\u00fcteakip cenaze namaz\u0131 k\u0131l\u0131nd\u0131. Cenaze t\u00f6renine Karaa\u011fa\u00e7\u2019\u0131n ailesi, yak\u0131nlar\u0131 ve \u00e7ok say\u0131da vatanda\u015f kat\u0131ld\u0131. K\u0131l\u0131nan cenaze namaz\u0131n\u0131n ard\u0131ndan \u0130zzet Karaa\u011fa\u00e7, Evliya \u00c7elebi Mezarl\u0131\u011f\u0131\u2019nda g\u00f6zya\u015flar\u0131 aras\u0131nda topra\u011fa verildi.<br \/>\n<br \/>Kaza, d\u00fcn Tekirda\u011f (Kapakl\u0131) &#8211; Antalya (Alanya) seferini yapmakta olan, Eski\u015fehir merkezli firmaya ait 26 ABG 022 plakal\u0131 yolcu otob\u00fcs\u00fcn\u00fcn, Antalya\u2019n\u0131n D\u00f6\u015femealt\u0131 il\u00e7esi K\u00f6m\u00fcrler Kav\u015fa\u011f\u0131\u2019nda kontrolden \u00e7\u0131karak bariyerleri a\u015f\u0131p yakla\u015f\u0131k 15 metrelik \u015farampole devrilmesi sonucu meydana gelmi\u015fti. Kazada 10 ki\u015fi hayat\u0131n\u0131 kaybederken, 22 ki\u015fi yaralanm\u0131\u015ft\u0131.<br \/><\/p>\n","protected":false},"excerpt":{"rendered":"<p>Antalya\u2019n\u0131n D\u00f6\u015femealt\u0131 il\u00e7esinde yolcu otob\u00fcs\u00fcn\u00fcn \u015farampole devrilmesi sonucu meydana gelen kazada hayat\u0131n\u0131 kaybeden otob\u00fcs \u015fof\u00f6r\u00fc \u0130zzet Karaa\u011fa\u00e7, memleketi K\u00fctahya\u2019da topra\u011fa verildi. Hayat\u0131n\u0131 kaybeden \u0130zzet Karaa\u011fa\u00e7\u2019\u0131n cenazesi, Antalya\u2019daki adli i\u015flemlerin tamamlanmas\u0131n\u0131n ard\u0131ndan memleketi K\u00fctahya\u2019ya getirildi. Karaa\u011fa\u00e7 i\u00e7in K\u00fctahya Meydan Camii\u2019nde ikindi namaz\u0131n\u0131 m\u00fcteakip cenaze namaz\u0131 k\u0131l\u0131nd\u0131. Cenaze t\u00f6renine Karaa\u011fa\u00e7\u2019\u0131n ailesi, yak\u0131nlar\u0131 ve \u00e7ok say\u0131da vatanda\u015f kat\u0131ld\u0131&#8230;.<\/p>\n","protected":false},"author":1,"featured_media":84855,"comment_status":"open","ping_status":"open","sticky":false,"template":"","format":"standard","meta":{"_crdt_document":"","footnotes":""},"categories":[5],"tags":[],"class_list":["post-84854","post","type-post","status-publish","format-standard","has-post-thumbnail","hentry","category-asayis"],"_links":{"self":[{"href":"https:\/\/www.egemtv.com\/index.php?rest_route=\/wp\/v2\/posts\/84854","targetHints":{"allow":["GET"]}}],"collection":[{"href":"https:\/\/www.egemtv.com\/index.php?rest_route=\/wp\/v2\/posts"}],"about":[{"href":"https:\/\/www.egemtv.com\/index.php?rest_route=\/wp\/v2\/types\/post"}],"author":[{"embeddable":true,"href":"https:\/\/www.egemtv.com\/index.php?rest_route=\/wp\/v2\/users\/1"}],"replies":[{"embeddable":true,"href":"https:\/\/www.egemtv.com\/index.php?rest_route=%2Fwp%2Fv2%2Fcomments&post=84854"}],"version-history":[{"count":1,"href":"https:\/\/www.egemtv.com\/index.php?rest_route=\/wp\/v2\/posts\/84854\/revisions"}],"predecessor-version":[{"id":84856,"href":"https:\/\/www.egemtv.com\/index.php?rest_route=\/wp\/v2\/posts\/84854\/revisions\/84856"}],"wp:featuredmedia":[{"embeddable":true,"href":"https:\/\/www.egemtv.com\/index.php?rest_route=\/wp\/v2\/media\/84855"}],"wp:attachment":[{"href":"https:\/\/www.egemtv.com\/index.php?rest_route=%2Fwp%2Fv2%2Fmedia&parent=84854"}],"wp:term":[{"taxonomy":"category","embeddable":true,"href":"https:\/\/www.egemtv.com\/index.php?rest_route=%2Fwp%2Fv2%2Fcategories&post=84854"},{"taxonomy":"post_tag","embeddable":true,"href":"https:\/\/www.egemtv.com\/index.php?rest_route=%2Fwp%2Fv2%2Ftags&post=84854"}],"curies":[{"name":"wp","href":"https:\/\/api.w.org\/{rel}","templated":true}]}}