{"id":84836,"date":"2026-02-02T16:35:09","date_gmt":"2026-02-02T13:35:09","guid":{"rendered":"https:\/\/www.egemtv.com\/?p=84836"},"modified":"2026-02-02T16:35:10","modified_gmt":"2026-02-02T13:35:10","slug":"denizli-atasi-icin-kosacak-2","status":"publish","type":"post","link":"https:\/\/www.egemtv.com\/?p=84836","title":{"rendered":"Denizli, Ata\u2019s\u0131 i\u00e7in ko\u015facak"},"content":{"rendered":"<p>B\u00fcy\u00fck \u00d6nder Mustafa Kemal Atat\u00fcrk\u2019\u00fcn Denizli\u2019ye geli\u015finin 95. Y\u0131ld\u00f6n\u00fcm\u00fc dolay\u0131s\u0131yla Denizli Gen\u00e7lik ve Spor \u0130l M\u00fcd\u00fcrl\u00fc\u011f\u00fc koordinesinde 04 \u015eubat 2026 \u00c7ar\u015famba g\u00fcn\u00fc &#8220;Atat\u00fcrk Ko\u015fusu&#8221; d\u00fczenlenecek.<\/p>\n<p>Cumhuriyetimizin kurucusu B\u00fcy\u00fck \u00d6nder Mustafa Kemal Atat\u00fcrk, zorlu m\u00fccadeleler ve e\u015fsiz kahramanl\u0131klarla kazan\u0131lan ba\u011f\u0131ms\u0131zl\u0131\u011f\u0131n sevincini halkla payla\u015fmak \u00fczere 04 \u015eubat 1931 tarihinde Denizli\u2019ye te\u015frif etmi\u015fti. Bu ziyaretin 95. y\u0131ld\u00f6n\u00fcm\u00fc an\u0131s\u0131na 04 \u015eubat \u00c7ar\u015famba g\u00fcn\u00fc Atletizm Federasyonu Denizli \u0130l Temsilcili\u011fi ve Denizli Gen\u00e7lik Spor \u0130l M\u00fcd\u00fcrl\u00fc\u011f\u00fc organizasyonunda Yol Ko\u015fusu d\u00fczenlenecek. Geleneksel yap\u0131lan organizasyon sonras\u0131nda d\u00fczenlenecek \u00f6d\u00fcl t\u00f6reni ile g\u00fcn\u00fcn \u015fampiyonlar\u0131na madalyalar\u0131 takdim edilecek.<br \/>\n<br \/>Atat\u00fcrk Yol Ko\u015fu saat 09.00\u2019da Tren Gar\u0131 mevkiinden ba\u015flayarak Delikli\u00e7\u0131nar 15 Temmuz \u015eehitler Meydan\u0131nda son bulacak. Her ya\u015ftan sporcunun kat\u0131laca\u011f\u0131 Atat\u00fcrk Yol Ko\u015fusunda kategorilerinde dereceye girecek sporcular yap\u0131lacak programda \u00f6d\u00fcllendirilecek.<br \/><\/p>\n","protected":false},"excerpt":{"rendered":"<p>B\u00fcy\u00fck \u00d6nder Mustafa Kemal Atat\u00fcrk\u2019\u00fcn Denizli\u2019ye geli\u015finin 95. Y\u0131ld\u00f6n\u00fcm\u00fc dolay\u0131s\u0131yla Denizli Gen\u00e7lik ve Spor \u0130l M\u00fcd\u00fcrl\u00fc\u011f\u00fc koordinesinde 04 \u015eubat 2026 \u00c7ar\u015famba g\u00fcn\u00fc &#8220;Atat\u00fcrk Ko\u015fusu&#8221; d\u00fczenlenecek. Cumhuriyetimizin kurucusu B\u00fcy\u00fck \u00d6nder Mustafa Kemal Atat\u00fcrk, zorlu m\u00fccadeleler ve e\u015fsiz kahramanl\u0131klarla kazan\u0131lan ba\u011f\u0131ms\u0131zl\u0131\u011f\u0131n sevincini halkla payla\u015fmak \u00fczere 04 \u015eubat 1931 tarihinde Denizli\u2019ye te\u015frif etmi\u015fti. Bu ziyaretin 95. y\u0131ld\u00f6n\u00fcm\u00fc an\u0131s\u0131na&#8230;<\/p>\n","protected":false},"author":1,"featured_media":84837,"comment_status":"open","ping_status":"open","sticky":false,"template":"","format":"standard","meta":{"_crdt_document":"","footnotes":""},"categories":[4],"tags":[],"class_list":["post-84836","post","type-post","status-publish","format-standard","has-post-thumbnail","hentry","category-spor"],"_links":{"self":[{"href":"https:\/\/www.egemtv.com\/index.php?rest_route=\/wp\/v2\/posts\/84836","targetHints":{"allow":["GET"]}}],"collection":[{"href":"https:\/\/www.egemtv.com\/index.php?rest_route=\/wp\/v2\/posts"}],"about":[{"href":"https:\/\/www.egemtv.com\/index.php?rest_route=\/wp\/v2\/types\/post"}],"author":[{"embeddable":true,"href":"https:\/\/www.egemtv.com\/index.php?rest_route=\/wp\/v2\/users\/1"}],"replies":[{"embeddable":true,"href":"https:\/\/www.egemtv.com\/index.php?rest_route=%2Fwp%2Fv2%2Fcomments&post=84836"}],"version-history":[{"count":1,"href":"https:\/\/www.egemtv.com\/index.php?rest_route=\/wp\/v2\/posts\/84836\/revisions"}],"predecessor-version":[{"id":84838,"href":"https:\/\/www.egemtv.com\/index.php?rest_route=\/wp\/v2\/posts\/84836\/revisions\/84838"}],"wp:featuredmedia":[{"embeddable":true,"href":"https:\/\/www.egemtv.com\/index.php?rest_route=\/wp\/v2\/media\/84837"}],"wp:attachment":[{"href":"https:\/\/www.egemtv.com\/index.php?rest_route=%2Fwp%2Fv2%2Fmedia&parent=84836"}],"wp:term":[{"taxonomy":"category","embeddable":true,"href":"https:\/\/www.egemtv.com\/index.php?rest_route=%2Fwp%2Fv2%2Fcategories&post=84836"},{"taxonomy":"post_tag","embeddable":true,"href":"https:\/\/www.egemtv.com\/index.php?rest_route=%2Fwp%2Fv2%2Ftags&post=84836"}],"curies":[{"name":"wp","href":"https:\/\/api.w.org\/{rel}","templated":true}]}}