{"id":84833,"date":"2026-02-02T16:35:08","date_gmt":"2026-02-02T13:35:08","guid":{"rendered":"https:\/\/www.egemtv.com\/?p=84833"},"modified":"2026-02-02T16:35:09","modified_gmt":"2026-02-02T13:35:09","slug":"sarigolde-okullarda-bayragimiza-saygi-ve-sevgi-etkinligi","status":"publish","type":"post","link":"https:\/\/www.egemtv.com\/?p=84833","title":{"rendered":"Sar\u0131g\u00f6l\u2019de okullarda \u2019Bayra\u011f\u0131m\u0131za sayg\u0131 ve sevgi\u2019 etkinli\u011fi"},"content":{"rendered":"<p>Sar\u0131g\u00f6l\u2019de ikinci d\u00f6nem e\u011fitim ve \u00f6\u011fretimin ba\u015flamas\u0131yla birlikte okullarda \u2019Bayra\u011f\u0131m\u0131za sayg\u0131, sevgi ve sahip \u00e7\u0131kma\u2019 etkinli\u011fi ger\u00e7ekle\u015ftirildi.<br \/>\n<br \/>Etkinlik kapsam\u0131nda okullarda T\u00fcrk Bayra\u011f\u0131\u2019na sayg\u0131n\u0131n \u00f6nemi ve bayrak sevgisi konular\u0131nda \u00e7e\u015fitli \u00e7al\u0131\u015fmalar yap\u0131ld\u0131. \u00d6\u011frencilere bayra\u011f\u0131n anlam ve \u00f6nemi videolarla anlat\u0131l\u0131rken, \u00f6zellikle minik \u00f6\u011frencilere bayrak temal\u0131 resimler yapt\u0131r\u0131ld\u0131.<br \/>\n<br \/>Bayra\u011f\u0131n kutsall\u0131\u011f\u0131n\u0131n \u00e7ocuk ya\u015flarda kal\u0131c\u0131 olarak \u00f6\u011fretilmesinin \u00f6nemine dikkat \u00e7eken Sar\u0131g\u00f6l \u0130l\u00e7e Milli E\u011fitim M\u00fcd\u00fcr\u00fc Cezmi Y\u0131ld\u0131rak, bayra\u011f\u0131n bir ulus i\u00e7in ba\u011f\u0131ms\u0131zl\u0131k ve \u00f6zg\u00fcrl\u00fck anlam\u0131na geldi\u011fini vurgulad\u0131.<br \/>\n<br \/>\u0130l\u00e7e Milli E\u011fitim M\u00fcd\u00fcr\u00fc Y\u0131ld\u0131rak yapt\u0131\u011f\u0131 a\u00e7\u0131klamada, &#8220;\u015eanl\u0131 T\u00fcrk bayra\u011f\u0131m\u0131z ba\u011f\u0131ms\u0131zl\u0131\u011f\u0131m\u0131z\u0131n sembol\u00fcd\u00fcr. K\u0131rm\u0131z\u0131 rengi \u015fehitlerimizin kan\u0131n\u0131, ay ve y\u0131ld\u0131z ise g\u00f6ky\u00fcz\u00fcnde eri\u015filmezi simgelemektedir. Manevi de\u011feri \u00e7ok b\u00fcy\u00fckt\u00fcr. Bayrak bir milletin ba\u011f\u0131ms\u0131zl\u0131\u011f\u0131n\u0131 ifade eder. Asla yere inmez, indirilmez. Okullar\u0131m\u0131zda e\u011fitim \u00f6\u011fretimin ba\u015flamas\u0131yla birlikte bayrak konulu temalar i\u015flenmektedir.&#8221; dedi.<br \/><\/p>\n","protected":false},"excerpt":{"rendered":"<p>Sar\u0131g\u00f6l\u2019de ikinci d\u00f6nem e\u011fitim ve \u00f6\u011fretimin ba\u015flamas\u0131yla birlikte okullarda \u2019Bayra\u011f\u0131m\u0131za sayg\u0131, sevgi ve sahip \u00e7\u0131kma\u2019 etkinli\u011fi ger\u00e7ekle\u015ftirildi. Etkinlik kapsam\u0131nda okullarda T\u00fcrk Bayra\u011f\u0131\u2019na sayg\u0131n\u0131n \u00f6nemi ve bayrak sevgisi konular\u0131nda \u00e7e\u015fitli \u00e7al\u0131\u015fmalar yap\u0131ld\u0131. \u00d6\u011frencilere bayra\u011f\u0131n anlam ve \u00f6nemi videolarla anlat\u0131l\u0131rken, \u00f6zellikle minik \u00f6\u011frencilere bayrak temal\u0131 resimler yapt\u0131r\u0131ld\u0131. Bayra\u011f\u0131n kutsall\u0131\u011f\u0131n\u0131n \u00e7ocuk ya\u015flarda kal\u0131c\u0131 olarak \u00f6\u011fretilmesinin \u00f6nemine dikkat \u00e7eken&#8230;<\/p>\n","protected":false},"author":1,"featured_media":84834,"comment_status":"open","ping_status":"open","sticky":false,"template":"","format":"standard","meta":{"_crdt_document":"","footnotes":""},"categories":[1],"tags":[],"class_list":["post-84833","post","type-post","status-publish","format-standard","has-post-thumbnail","hentry","category-guncel"],"_links":{"self":[{"href":"https:\/\/www.egemtv.com\/index.php?rest_route=\/wp\/v2\/posts\/84833","targetHints":{"allow":["GET"]}}],"collection":[{"href":"https:\/\/www.egemtv.com\/index.php?rest_route=\/wp\/v2\/posts"}],"about":[{"href":"https:\/\/www.egemtv.com\/index.php?rest_route=\/wp\/v2\/types\/post"}],"author":[{"embeddable":true,"href":"https:\/\/www.egemtv.com\/index.php?rest_route=\/wp\/v2\/users\/1"}],"replies":[{"embeddable":true,"href":"https:\/\/www.egemtv.com\/index.php?rest_route=%2Fwp%2Fv2%2Fcomments&post=84833"}],"version-history":[{"count":1,"href":"https:\/\/www.egemtv.com\/index.php?rest_route=\/wp\/v2\/posts\/84833\/revisions"}],"predecessor-version":[{"id":84835,"href":"https:\/\/www.egemtv.com\/index.php?rest_route=\/wp\/v2\/posts\/84833\/revisions\/84835"}],"wp:featuredmedia":[{"embeddable":true,"href":"https:\/\/www.egemtv.com\/index.php?rest_route=\/wp\/v2\/media\/84834"}],"wp:attachment":[{"href":"https:\/\/www.egemtv.com\/index.php?rest_route=%2Fwp%2Fv2%2Fmedia&parent=84833"}],"wp:term":[{"taxonomy":"category","embeddable":true,"href":"https:\/\/www.egemtv.com\/index.php?rest_route=%2Fwp%2Fv2%2Fcategories&post=84833"},{"taxonomy":"post_tag","embeddable":true,"href":"https:\/\/www.egemtv.com\/index.php?rest_route=%2Fwp%2Fv2%2Ftags&post=84833"}],"curies":[{"name":"wp","href":"https:\/\/api.w.org\/{rel}","templated":true}]}}