{"id":84830,"date":"2026-02-02T16:35:07","date_gmt":"2026-02-02T13:35:07","guid":{"rendered":"https:\/\/www.egemtv.com\/?p=84830"},"modified":"2026-02-02T16:35:08","modified_gmt":"2026-02-02T13:35:08","slug":"firtina-bodrumda-alis-veris-merkezini-de-vurdu","status":"publish","type":"post","link":"https:\/\/www.egemtv.com\/?p=84830","title":{"rendered":"F\u0131rt\u0131na, Bodrum\u2019da al\u0131\u015f veri\u015f merkezini de vurdu"},"content":{"rendered":"<p>Mu\u011fla\u2019n\u0131n Bodrum il\u00e7esinde bulunan Oasis Al\u0131\u015fveri\u015f Merkezi, f\u0131rt\u0131nan\u0131n ard\u0131ndan ortaya \u00e7\u0131kan tehlike nedeniyle k\u0131smen kapat\u0131ld\u0131. \u015eiddetli r\u00fczgar\u0131n etkisiyle kopan brandalar ve yerinden oynamaya ba\u015flayan demir direkler, AVM i\u00e7inde can g\u00fcvenli\u011fini tehdit etti.<\/p>\n<p>G\u00f6lgelik olarak kullan\u0131lan brandalar\u0131n g\u00fcnler \u00f6nce y\u0131rt\u0131ld\u0131\u011f\u0131 Oasis Al\u0131\u015fveri\u015f Merkezi\u2019nde, bug\u00fcn brandalar\u0131 ta\u015f\u0131yan direklerin \u015fiddetle salland\u0131\u011f\u0131 ve devrilme riski olu\u015fturdu\u011fu g\u00f6r\u00fcld\u00fc. Tehlikenin artmas\u0131 \u00fczerine AVM y\u00f6netimi, orta b\u00f6l\u00fcm ve \u00e7evresini kapsayan alan\u0131 tahliye etti.<\/p>\n<p>Can g\u00fcvenli\u011fi i\u00e7in alan\u0131n tamamen bo\u015falt\u0131lmas\u0131 beklenirken, yaln\u0131zca baz\u0131 b\u00f6lgelerde \u015ferit \u00e7ekilerek vatanda\u015flar uyar\u0131ld\u0131. Oasiste ya\u015fanan s\u0131k\u0131nt\u0131lar vatanda\u015f\u0131n tepkisini toplarken, y\u00f6netim taraf\u0131ndan al\u0131\u015fveri\u015f merkezindeki olumsuzluklar\u0131n foto\u011fraf ve g\u00f6r\u00fcnt\u00fcs\u00fcn\u00fcn \u00e7ekilmemesi i\u00e7in \u00f6zel \u00f6nlem al\u0131nmas\u0131 dikkat \u00e7ekti.<br \/><\/p>\n","protected":false},"excerpt":{"rendered":"<p>Mu\u011fla\u2019n\u0131n Bodrum il\u00e7esinde bulunan Oasis Al\u0131\u015fveri\u015f Merkezi, f\u0131rt\u0131nan\u0131n ard\u0131ndan ortaya \u00e7\u0131kan tehlike nedeniyle k\u0131smen kapat\u0131ld\u0131. \u015eiddetli r\u00fczgar\u0131n etkisiyle kopan brandalar ve yerinden oynamaya ba\u015flayan demir direkler, AVM i\u00e7inde can g\u00fcvenli\u011fini tehdit etti. G\u00f6lgelik olarak kullan\u0131lan brandalar\u0131n g\u00fcnler \u00f6nce y\u0131rt\u0131ld\u0131\u011f\u0131 Oasis Al\u0131\u015fveri\u015f Merkezi\u2019nde, bug\u00fcn brandalar\u0131 ta\u015f\u0131yan direklerin \u015fiddetle salland\u0131\u011f\u0131 ve devrilme riski olu\u015fturdu\u011fu g\u00f6r\u00fcld\u00fc. Tehlikenin artmas\u0131&#8230;<\/p>\n","protected":false},"author":1,"featured_media":84831,"comment_status":"open","ping_status":"open","sticky":false,"template":"","format":"standard","meta":{"_crdt_document":"","footnotes":""},"categories":[5],"tags":[],"class_list":["post-84830","post","type-post","status-publish","format-standard","has-post-thumbnail","hentry","category-asayis"],"_links":{"self":[{"href":"https:\/\/www.egemtv.com\/index.php?rest_route=\/wp\/v2\/posts\/84830","targetHints":{"allow":["GET"]}}],"collection":[{"href":"https:\/\/www.egemtv.com\/index.php?rest_route=\/wp\/v2\/posts"}],"about":[{"href":"https:\/\/www.egemtv.com\/index.php?rest_route=\/wp\/v2\/types\/post"}],"author":[{"embeddable":true,"href":"https:\/\/www.egemtv.com\/index.php?rest_route=\/wp\/v2\/users\/1"}],"replies":[{"embeddable":true,"href":"https:\/\/www.egemtv.com\/index.php?rest_route=%2Fwp%2Fv2%2Fcomments&post=84830"}],"version-history":[{"count":1,"href":"https:\/\/www.egemtv.com\/index.php?rest_route=\/wp\/v2\/posts\/84830\/revisions"}],"predecessor-version":[{"id":84832,"href":"https:\/\/www.egemtv.com\/index.php?rest_route=\/wp\/v2\/posts\/84830\/revisions\/84832"}],"wp:featuredmedia":[{"embeddable":true,"href":"https:\/\/www.egemtv.com\/index.php?rest_route=\/wp\/v2\/media\/84831"}],"wp:attachment":[{"href":"https:\/\/www.egemtv.com\/index.php?rest_route=%2Fwp%2Fv2%2Fmedia&parent=84830"}],"wp:term":[{"taxonomy":"category","embeddable":true,"href":"https:\/\/www.egemtv.com\/index.php?rest_route=%2Fwp%2Fv2%2Fcategories&post=84830"},{"taxonomy":"post_tag","embeddable":true,"href":"https:\/\/www.egemtv.com\/index.php?rest_route=%2Fwp%2Fv2%2Ftags&post=84830"}],"curies":[{"name":"wp","href":"https:\/\/api.w.org\/{rel}","templated":true}]}}