{"id":84788,"date":"2026-02-02T13:54:49","date_gmt":"2026-02-02T10:54:49","guid":{"rendered":"https:\/\/www.egemtv.com\/?p=84788"},"modified":"2026-02-02T13:54:51","modified_gmt":"2026-02-02T10:54:51","slug":"musaffa-turk-tasavvuf-musikisi-toplulugundan-ilk-etkinlik","status":"publish","type":"post","link":"https:\/\/www.egemtv.com\/?p=84788","title":{"rendered":"Musaffa T\u00fcrk Tasavvuf Musikisi Toplulu\u011fundan ilk etkinlik"},"content":{"rendered":"<p>Manisa\u2019n\u0131n \u015eehzadeler il\u00e7esinde kurulan Musaffa T\u00fcrk Tasavvuf Musikisi Toplulu\u011fu, ilk etkinli\u011fini ger\u00e7ekle\u015ftirerek sanatseverlerle bulu\u015ftu.<br \/>\n<br \/>Manisa\u2019n\u0131n \u015eehzadeler \u0130l\u00e7e M\u00fcft\u00fcl\u00fc\u011f\u00fc\u2019ne ba\u011fl\u0131 Kur\u2019an kursu hizmetinin de verildi\u011fi tarihi binada faaliyet g\u00f6steren Yi\u011fitba\u015f Gen\u00e7lik Merkezi b\u00fcnyesinde, 2019 y\u0131l\u0131ndan bu yana s\u00fcrd\u00fcr\u00fclen &#8220;\u0130\u00e7imde Sanat Var&#8221; ve &#8220;Erdem-Sanat&#8221; projeleri kapsam\u0131nda, Halk E\u011fitim Merkezi i\u015f birli\u011fiyle verilen musiki ve makam dersleri sonunda e\u011fitim alan gen\u00e7lerden Musaffa T\u00fcrk Tasavvuf Musikisi Toplulu\u011fu\u2019nun kuruldu\u011fu belirtildi.<br \/>\n<br \/>Yi\u011fitba\u015f Gen\u00e7lik Merkezi Sorumlusu Mukaddes Dilbaz, merkez b\u00fcnyesinde 13 farkl\u0131 bran\u015fta yakla\u015f\u0131k 148 \u00f6\u011frenciye hizmet verildi\u011fini belirterek, Musaffa T\u00fcrk Tasavvuf Musikisi Toplulu\u011fu\u2019nun 2025 y\u0131l\u0131nda gen\u00e7lik merkezinde yeti\u015fen gen\u00e7lerden olu\u015fturuldu\u011funu s\u00f6yledi.<br \/>\n<br \/>Dilbaz, toplulu\u011fun tasavvuf musikisi alan\u0131nda ara\u015ft\u0131rmalar yaparak musiki gelene\u011fini ve ge\u00e7mi\u015ften gelen miras\u0131 gelecek ku\u015faklara aktarmay\u0131 vizyon edindi\u011fini ifade ederek, &#8220;Topluluk, akademik ve \u00f6rnek \u00e7al\u0131\u015fmalarla bu alanda kal\u0131c\u0131 izler b\u0131rakmay\u0131 hedefleyen gen\u00e7 ve dinamik bir olu\u015fumdur. Ayn\u0131 zamanda erdemliler toplulu\u011fu olarak bu anlaml\u0131 yolculu\u011fu s\u00fcrd\u00fcrmektedir&#8221; dedi.<br \/>\n<br \/>Dilbaz ayr\u0131ca, kurulu\u015f s\u00fcrecinden bug\u00fcne desteklerini esirgemeyen \u015eehzadeler \u0130l\u00e7e M\u00fcft\u00fcl\u00fc\u011f\u00fc, \u015eehzadeler \u0130l\u00e7e Mill\u00ee E\u011fitim M\u00fcd\u00fcrl\u00fc\u011f\u00fc, \u015eehzadeler Halk E\u011fitim Merkezi, Mevlithanlar Derne\u011fi, Anadolu \u0130rfan\u0131 Derne\u011fi ve Yi\u011fitba\u015f Gen\u00e7lik Merkezi\u2019ne te\u015fekk\u00fcr etti.<\/p>\n<p>\u0130lk program &#8220;Musaffa Me\u015fkleri&#8221; ad\u0131yla yap\u0131ld\u0131<br \/>\n<br \/>Toplulu\u011fun ilk program\u0131 &#8220;Musaffa Me\u015fkleri&#8221; ad\u0131 alt\u0131nda Yunusemre Belediyesi \u0130rfan Meclisi\u2019nde ger\u00e7ekle\u015ftirildi. Programa Yunusemre Belediye Ba\u015fkan Yard\u0131mc\u0131s\u0131 Mesut Do\u011fan, Manisa E\u011fitime Destek Platformu Ba\u015fkan\u0131 Muzaffer Yurtta\u015f, Manisa \u0130l Sa\u011fl\u0131k M\u00fcd\u00fcrl\u00fc\u011f\u00fc Halk Sa\u011fl\u0131\u011f\u0131 Hizmetleri Ba\u015fkan Yard\u0131mc\u0131s\u0131 Uzm. Dr. \u00dcmit Atman, Mevlithanlar Derne\u011fi Ba\u015fkan\u0131 Ali G\u00fclfidan, Bal\u0131kesirliler Derne\u011fi Ba\u015fkan\u0131 M\u00fcmin \u015eafak ile \u00e7ok say\u0131da davetli kat\u0131ld\u0131.<br \/>\n<br \/>Program, Dini \u0130htisas Merkezi M\u00fcd\u00fcr Yard\u0131mc\u0131s\u0131 \u00d6mer G\u00f6lba\u015f\u0131 taraf\u0131ndan ger\u00e7ekle\u015ftirilen Kur\u2019\u00e2n-\u0131 Ker\u00eem tilavetiyle ba\u015flad\u0131. Ard\u0131ndan ger\u00e7ekle\u015ftirilen s\u00f6yle\u015fi b\u00f6l\u00fcm\u00fcnde, T\u00fcrkiye \u0130lahiyat Tedrisat\u0131na Yard\u0131m Eden Dernekler Federasyonu (T\u0130DEF) Ba\u015fkan\u0131 Mustafa Yelek, tecr\u00fcbeleri ve sohbetiyle programa katk\u0131 sundu.<br \/>\n<br \/>Gecede, Musaffa T\u00fcrk Tasavvuf Musik\u00eesi Toplulu\u011fu Sanat Y\u00f6netmeni, Ege \u00dcniversitesi T\u00fcrk M\u00fczi\u011fi Konservatuvar\u0131 ney e\u011fitmeni Ka\u015fif Demir\u00f6z riyasetinde Mevlevi Ayini icra edildi.<br \/>\n<br \/>Program\u0131n b\u00fcy\u00fck bir huzur ve muhabbet ikliminde ger\u00e7ekle\u015fti\u011fini belirten Mukaddes Dilbaz, &#8220;Musaffa Me\u015fkleri&#8221; program\u0131n\u0131 Manisa\u2019da belli aral\u0131klarla s\u00fcrd\u00fcrmeyi planlad\u0131klar\u0131n\u0131 ifade ederek, mekan imkan\u0131 sa\u011flayan Yunusemre Belediyesi\u2019ne te\u015fekk\u00fcr etti.<br \/><\/p>\n","protected":false},"excerpt":{"rendered":"<p>Manisa\u2019n\u0131n \u015eehzadeler il\u00e7esinde kurulan Musaffa T\u00fcrk Tasavvuf Musikisi Toplulu\u011fu, ilk etkinli\u011fini ger\u00e7ekle\u015ftirerek sanatseverlerle bulu\u015ftu. Manisa\u2019n\u0131n \u015eehzadeler \u0130l\u00e7e M\u00fcft\u00fcl\u00fc\u011f\u00fc\u2019ne ba\u011fl\u0131 Kur\u2019an kursu hizmetinin de verildi\u011fi tarihi binada faaliyet g\u00f6steren Yi\u011fitba\u015f Gen\u00e7lik Merkezi b\u00fcnyesinde, 2019 y\u0131l\u0131ndan bu yana s\u00fcrd\u00fcr\u00fclen &#8220;\u0130\u00e7imde Sanat Var&#8221; ve &#8220;Erdem-Sanat&#8221; projeleri kapsam\u0131nda, Halk E\u011fitim Merkezi i\u015f birli\u011fiyle verilen musiki ve makam dersleri sonunda&#8230;<\/p>\n","protected":false},"author":1,"featured_media":84789,"comment_status":"open","ping_status":"open","sticky":false,"template":"","format":"standard","meta":{"_crdt_document":"","footnotes":""},"categories":[1],"tags":[],"class_list":["post-84788","post","type-post","status-publish","format-standard","has-post-thumbnail","hentry","category-guncel"],"_links":{"self":[{"href":"https:\/\/www.egemtv.com\/index.php?rest_route=\/wp\/v2\/posts\/84788","targetHints":{"allow":["GET"]}}],"collection":[{"href":"https:\/\/www.egemtv.com\/index.php?rest_route=\/wp\/v2\/posts"}],"about":[{"href":"https:\/\/www.egemtv.com\/index.php?rest_route=\/wp\/v2\/types\/post"}],"author":[{"embeddable":true,"href":"https:\/\/www.egemtv.com\/index.php?rest_route=\/wp\/v2\/users\/1"}],"replies":[{"embeddable":true,"href":"https:\/\/www.egemtv.com\/index.php?rest_route=%2Fwp%2Fv2%2Fcomments&post=84788"}],"version-history":[{"count":1,"href":"https:\/\/www.egemtv.com\/index.php?rest_route=\/wp\/v2\/posts\/84788\/revisions"}],"predecessor-version":[{"id":84790,"href":"https:\/\/www.egemtv.com\/index.php?rest_route=\/wp\/v2\/posts\/84788\/revisions\/84790"}],"wp:featuredmedia":[{"embeddable":true,"href":"https:\/\/www.egemtv.com\/index.php?rest_route=\/wp\/v2\/media\/84789"}],"wp:attachment":[{"href":"https:\/\/www.egemtv.com\/index.php?rest_route=%2Fwp%2Fv2%2Fmedia&parent=84788"}],"wp:term":[{"taxonomy":"category","embeddable":true,"href":"https:\/\/www.egemtv.com\/index.php?rest_route=%2Fwp%2Fv2%2Fcategories&post=84788"},{"taxonomy":"post_tag","embeddable":true,"href":"https:\/\/www.egemtv.com\/index.php?rest_route=%2Fwp%2Fv2%2Ftags&post=84788"}],"curies":[{"name":"wp","href":"https:\/\/api.w.org\/{rel}","templated":true}]}}