{"id":84785,"date":"2026-02-02T13:35:20","date_gmt":"2026-02-02T10:35:20","guid":{"rendered":"https:\/\/www.egemtv.com\/?p=84785"},"modified":"2026-02-02T13:35:26","modified_gmt":"2026-02-02T10:35:26","slug":"bodrumda-ogrenciler-kirmizi-beyaz-ay-yildizli-kiyafetlerle-egitime-basladi","status":"publish","type":"post","link":"https:\/\/www.egemtv.com\/?p=84785","title":{"rendered":"Bodrum\u2019da \u00f6\u011frenciler k\u0131rm\u0131z\u0131 beyaz ay y\u0131ld\u0131zl\u0131 k\u0131yafetlerle e\u011fitime ba\u015flad\u0131"},"content":{"rendered":"<p>T\u00fcm yurtta oldu\u011fu gibi Mu\u011fla\u2019n\u0131n Bodrum il\u00e7esinde de 2025-2026 e\u011fitim \u00f6\u011fretim y\u0131l\u0131n\u0131n ikinci d\u00f6nemi, &#8220;Bayrak Sevgisi&#8221; temas\u0131 ile ba\u015flad\u0131. \u00d6\u011frenciler ve \u00f6\u011fretmenler k\u0131rm\u0131z\u0131 beyaz ay y\u0131ld\u0131zl\u0131 k\u0131yafetlerle okula geldi.<\/p>\n<p>Bodrum\u2019da e\u011fitimin ikinci d\u00f6nemi okullarda &#8220;Bayrak Sevgisi&#8221; temas\u0131 ile ba\u015flad\u0131. Bodrum\u2019daki t\u00fcm okullarda \u00f6\u011frenciler T\u00fcrk bayra\u011f\u0131 temal\u0131 k\u0131yafetlerle okula geldi. Umur\u00e7a \u00d6mer Ak\u0131n \u0130lkokulu\u2019na Bodrum Kaymakam\u0131 Ali S\u0131rmal\u0131 ile Bodrum \u0130l\u00e7e Milli E\u011fitim M\u00fcd\u00fcr\u00fc Aslan Korkmaz kat\u0131ld\u0131. Okuldaki \u00f6\u011frencilerle bir araya gelen Ali S\u0131rmal\u0131, \u00f6\u011frencilere bayrak sevgisi hakk\u0131nda bilgiler verdi. \u00d6\u011frenciler Bayrak Mar\u015f\u0131\u2019n\u0131 okudu, bayrak sevgisini anlatan \u015fiirler seslendirdi.<\/p>\n<p>Bodrum Kaymakam\u0131 Ali S\u0131rmal\u0131, bayra\u011f\u0131n \u00f6nemine de\u011finerek, &#8220;2025-2026 e\u011fitim \u00f6\u011fretim y\u0131l\u0131n\u0131n ikinci d\u00f6nemine bug\u00fcn itibar\u0131yla ba\u015flad\u0131k. Bakanl\u0131\u011f\u0131m\u0131z\u0131n talimatlar\u0131 do\u011frultusunda bayrak temal\u0131 etkinliklerimizi s\u0131n\u0131flarda \u00f6\u011frencilerimiz yapt\u0131. Hafta boyunca bu etkinliklerimiz devam edecek. Bodrum\u2019da 128 okulumuzda, hem resmi hem \u00f6zel okullar\u0131m\u0131zda hafta boyunca bayrak temal\u0131 etkinliklerimiz ger\u00e7ekle\u015fecek. \u00d6\u011frencilerimiz bizim gelece\u011fimiz, onlar\u0131 en iyi \u015fekilde gelece\u011fe haz\u0131rlamak istiyoruz. Cumhuriyetimizin kurucusu Gazi Mustafa Kemal Atat\u00fcrk\u2019\u00fcn cumhuriyeti emanet etti\u011fi sevgili yavrular\u0131m\u0131z \u00e7ok g\u00fczel \u015fekilde haz\u0131rland\u0131lar, bize etkinlikler sundular. \u015eehitlerimizi ve gazilerimizi rahmetle ve minnetle an\u0131yoruz. Bug\u00fcn al bayra\u011f\u0131m\u0131z\u0131n alt\u0131nda huzur ve g\u00fcven i\u00e7erisinde ya\u015f\u0131yor, gelece\u011fe umutla bak\u0131yorsak bunu \u015fehitlerimize ve gazilerimize bor\u00e7luyuz&#8221; dedi.<br \/><\/p>\n","protected":false},"excerpt":{"rendered":"<p>T\u00fcm yurtta oldu\u011fu gibi Mu\u011fla\u2019n\u0131n Bodrum il\u00e7esinde de 2025-2026 e\u011fitim \u00f6\u011fretim y\u0131l\u0131n\u0131n ikinci d\u00f6nemi, &#8220;Bayrak Sevgisi&#8221; temas\u0131 ile ba\u015flad\u0131. \u00d6\u011frenciler ve \u00f6\u011fretmenler k\u0131rm\u0131z\u0131 beyaz ay y\u0131ld\u0131zl\u0131 k\u0131yafetlerle okula geldi. Bodrum\u2019da e\u011fitimin ikinci d\u00f6nemi okullarda &#8220;Bayrak Sevgisi&#8221; temas\u0131 ile ba\u015flad\u0131. Bodrum\u2019daki t\u00fcm okullarda \u00f6\u011frenciler T\u00fcrk bayra\u011f\u0131 temal\u0131 k\u0131yafetlerle okula geldi. Umur\u00e7a \u00d6mer Ak\u0131n \u0130lkokulu\u2019na Bodrum Kaymakam\u0131&#8230;<\/p>\n","protected":false},"author":1,"featured_media":84786,"comment_status":"open","ping_status":"open","sticky":false,"template":"","format":"standard","meta":{"_crdt_document":"","footnotes":""},"categories":[1],"tags":[],"class_list":["post-84785","post","type-post","status-publish","format-standard","has-post-thumbnail","hentry","category-guncel"],"_links":{"self":[{"href":"https:\/\/www.egemtv.com\/index.php?rest_route=\/wp\/v2\/posts\/84785","targetHints":{"allow":["GET"]}}],"collection":[{"href":"https:\/\/www.egemtv.com\/index.php?rest_route=\/wp\/v2\/posts"}],"about":[{"href":"https:\/\/www.egemtv.com\/index.php?rest_route=\/wp\/v2\/types\/post"}],"author":[{"embeddable":true,"href":"https:\/\/www.egemtv.com\/index.php?rest_route=\/wp\/v2\/users\/1"}],"replies":[{"embeddable":true,"href":"https:\/\/www.egemtv.com\/index.php?rest_route=%2Fwp%2Fv2%2Fcomments&post=84785"}],"version-history":[{"count":1,"href":"https:\/\/www.egemtv.com\/index.php?rest_route=\/wp\/v2\/posts\/84785\/revisions"}],"predecessor-version":[{"id":84787,"href":"https:\/\/www.egemtv.com\/index.php?rest_route=\/wp\/v2\/posts\/84785\/revisions\/84787"}],"wp:featuredmedia":[{"embeddable":true,"href":"https:\/\/www.egemtv.com\/index.php?rest_route=\/wp\/v2\/media\/84786"}],"wp:attachment":[{"href":"https:\/\/www.egemtv.com\/index.php?rest_route=%2Fwp%2Fv2%2Fmedia&parent=84785"}],"wp:term":[{"taxonomy":"category","embeddable":true,"href":"https:\/\/www.egemtv.com\/index.php?rest_route=%2Fwp%2Fv2%2Fcategories&post=84785"},{"taxonomy":"post_tag","embeddable":true,"href":"https:\/\/www.egemtv.com\/index.php?rest_route=%2Fwp%2Fv2%2Ftags&post=84785"}],"curies":[{"name":"wp","href":"https:\/\/api.w.org\/{rel}","templated":true}]}}