{"id":84779,"date":"2026-02-02T13:35:06","date_gmt":"2026-02-02T10:35:06","guid":{"rendered":"https:\/\/www.egemtv.com\/?p=84779"},"modified":"2026-02-02T13:35:11","modified_gmt":"2026-02-02T10:35:11","slug":"incirliova-acarlar-camiinde-temizlik-calismasi-yapildi","status":"publish","type":"post","link":"https:\/\/www.egemtv.com\/?p=84779","title":{"rendered":"\u0130ncirliova Acarlar Camii\u2019nde temizlik \u00e7al\u0131\u015fmas\u0131 yap\u0131ld\u0131"},"content":{"rendered":"<p>\u0130ncirliova Belediyesi ekipleri il\u00e7edeki camilerde temizlik \u00e7al\u0131\u015fmalar\u0131n\u0131 s\u00fcrd\u00fcr\u00fcyor.<\/p>\n<p>\u0130ncirliova Belediye Ba\u015fkan\u0131 Aytekin Kaya, y\u00fcr\u00fct\u00fclen \u00e7al\u0131\u015fmalarla ilgili olarak yapt\u0131\u011f\u0131 a\u00e7\u0131klamada, &#8220;\u0130ncirliovam\u0131zda t\u00fcm camilerimizde s\u00fcrd\u00fcrd\u00fc\u011f\u00fcm\u00fcz kapsaml\u0131 temizlik \u00e7al\u0131\u015fmalar\u0131m\u0131za, Ramazan-\u0131 \u015eerif\u2019in habercisi m\u00fcbarek Berat Kandili vesilesiyle de devam ediyor, camilerimizi ibadete haz\u0131rl\u0131yoruz. Bu kapsamda Acarlar Mahallemizde bulunan Acarlar Camimizde, vatanda\u015flar\u0131m\u0131z\u0131n ibadetlerini temiz, d\u00fczenli ve huzurlu bir ortamda ger\u00e7ekle\u015ftirebilmeleri amac\u0131yla Sosyal Hizmetler ekiplerimiz kapsaml\u0131 temizlik \u00e7al\u0131\u015fmalar\u0131n\u0131 tamamlad\u0131. Hem\u015fehrilerimizin g\u00f6n\u00fcl rahatl\u0131\u011f\u0131yla ibadet edebilecekleri, sa\u011fl\u0131kl\u0131 ve ferah mekanlar olu\u015fturmak ad\u0131na mahallelerimizdeki camilerimizin bak\u0131m ve temizlik \u00e7al\u0131\u015fmalar\u0131n\u0131 kararl\u0131l\u0131kla s\u00fcrd\u00fcrece\u011fiz. M\u00fcbarek Berat Kandili\u2019nin il\u00e7emize ve \u0130slam alemine hay\u0131rlar getirmesini temenni ediyor, t\u00fcm hem\u015fehrilerimizin dua ve ibadetlerinin kabul olmas\u0131n\u0131 diliyorum&#8221; dedi.<br \/><\/p>\n","protected":false},"excerpt":{"rendered":"<p>\u0130ncirliova Belediyesi ekipleri il\u00e7edeki camilerde temizlik \u00e7al\u0131\u015fmalar\u0131n\u0131 s\u00fcrd\u00fcr\u00fcyor. \u0130ncirliova Belediye Ba\u015fkan\u0131 Aytekin Kaya, y\u00fcr\u00fct\u00fclen \u00e7al\u0131\u015fmalarla ilgili olarak yapt\u0131\u011f\u0131 a\u00e7\u0131klamada, &#8220;\u0130ncirliovam\u0131zda t\u00fcm camilerimizde s\u00fcrd\u00fcrd\u00fc\u011f\u00fcm\u00fcz kapsaml\u0131 temizlik \u00e7al\u0131\u015fmalar\u0131m\u0131za, Ramazan-\u0131 \u015eerif\u2019in habercisi m\u00fcbarek Berat Kandili vesilesiyle de devam ediyor, camilerimizi ibadete haz\u0131rl\u0131yoruz. Bu kapsamda Acarlar Mahallemizde bulunan Acarlar Camimizde, vatanda\u015flar\u0131m\u0131z\u0131n ibadetlerini temiz, d\u00fczenli ve huzurlu bir ortamda ger\u00e7ekle\u015ftirebilmeleri&#8230;<\/p>\n","protected":false},"author":1,"featured_media":84780,"comment_status":"open","ping_status":"open","sticky":false,"template":"","format":"standard","meta":{"_crdt_document":"","footnotes":""},"categories":[1],"tags":[],"class_list":["post-84779","post","type-post","status-publish","format-standard","has-post-thumbnail","hentry","category-guncel"],"_links":{"self":[{"href":"https:\/\/www.egemtv.com\/index.php?rest_route=\/wp\/v2\/posts\/84779","targetHints":{"allow":["GET"]}}],"collection":[{"href":"https:\/\/www.egemtv.com\/index.php?rest_route=\/wp\/v2\/posts"}],"about":[{"href":"https:\/\/www.egemtv.com\/index.php?rest_route=\/wp\/v2\/types\/post"}],"author":[{"embeddable":true,"href":"https:\/\/www.egemtv.com\/index.php?rest_route=\/wp\/v2\/users\/1"}],"replies":[{"embeddable":true,"href":"https:\/\/www.egemtv.com\/index.php?rest_route=%2Fwp%2Fv2%2Fcomments&post=84779"}],"version-history":[{"count":1,"href":"https:\/\/www.egemtv.com\/index.php?rest_route=\/wp\/v2\/posts\/84779\/revisions"}],"predecessor-version":[{"id":84781,"href":"https:\/\/www.egemtv.com\/index.php?rest_route=\/wp\/v2\/posts\/84779\/revisions\/84781"}],"wp:featuredmedia":[{"embeddable":true,"href":"https:\/\/www.egemtv.com\/index.php?rest_route=\/wp\/v2\/media\/84780"}],"wp:attachment":[{"href":"https:\/\/www.egemtv.com\/index.php?rest_route=%2Fwp%2Fv2%2Fmedia&parent=84779"}],"wp:term":[{"taxonomy":"category","embeddable":true,"href":"https:\/\/www.egemtv.com\/index.php?rest_route=%2Fwp%2Fv2%2Fcategories&post=84779"},{"taxonomy":"post_tag","embeddable":true,"href":"https:\/\/www.egemtv.com\/index.php?rest_route=%2Fwp%2Fv2%2Ftags&post=84779"}],"curies":[{"name":"wp","href":"https:\/\/api.w.org\/{rel}","templated":true}]}}