{"id":84761,"date":"2026-02-02T12:54:55","date_gmt":"2026-02-02T09:54:55","guid":{"rendered":"https:\/\/www.egemtv.com\/?p=84761"},"modified":"2026-02-02T12:54:56","modified_gmt":"2026-02-02T09:54:56","slug":"gokkusagi-gorsel-guzellik-olusturdu","status":"publish","type":"post","link":"https:\/\/www.egemtv.com\/?p=84761","title":{"rendered":"G\u00f6kku\u015fa\u011f\u0131 g\u00f6rsel g\u00fczellik olu\u015fturdu"},"content":{"rendered":"<p>Afyonkarahisar\u2019\u0131n \u015euhut il\u00e7esinde ya\u011fmurun ard\u0131ndan ortaya \u00e7\u0131kan g\u00f6kku\u015fa\u011f\u0131 g\u00f6r\u00fcnt\u00fcs\u00fc g\u00f6rsel g\u00fczellik olu\u015fturdu.<br \/>\n<br \/>\u015euhut il\u00e7esine ba\u011fl\u0131 Kavakl\u0131 k\u00f6y\u00fcnde k\u0131sa s\u00fcreli ya\u011f\u0131\u015f\u0131n ard\u0131ndan g\u00f6ky\u00fcz\u00fcnde beliren g\u00f6kku\u015fa\u011f\u0131, k\u00f6y sakinlerine g\u00f6rsel bir \u015f\u00f6len sundu. Do\u011fan\u0131n e\u015fsiz renkleriyle olu\u015fan manzara, vatanda\u015flar taraf\u0131ndan ilgiyle izlenirken, baz\u0131 ki\u015filer bu anlar\u0131 cep telefonlar\u0131yla g\u00f6r\u00fcnt\u00fcledi.<br \/>\n<br \/>G\u00f6kku\u015fa\u011f\u0131n\u0131n Kavakl\u0131 k\u00f6y\u00fc semalar\u0131nda olu\u015fturdu\u011fu g\u00f6r\u00fcnt\u00fc, do\u011fan\u0131n sundu\u011fu nadir g\u00fczelliklerden biri olarak haf\u0131zalarda yer ald\u0131.<br \/><\/p>\n","protected":false},"excerpt":{"rendered":"<p>Afyonkarahisar\u2019\u0131n \u015euhut il\u00e7esinde ya\u011fmurun ard\u0131ndan ortaya \u00e7\u0131kan g\u00f6kku\u015fa\u011f\u0131 g\u00f6r\u00fcnt\u00fcs\u00fc g\u00f6rsel g\u00fczellik olu\u015fturdu. \u015euhut il\u00e7esine ba\u011fl\u0131 Kavakl\u0131 k\u00f6y\u00fcnde k\u0131sa s\u00fcreli ya\u011f\u0131\u015f\u0131n ard\u0131ndan g\u00f6ky\u00fcz\u00fcnde beliren g\u00f6kku\u015fa\u011f\u0131, k\u00f6y sakinlerine g\u00f6rsel bir \u015f\u00f6len sundu. Do\u011fan\u0131n e\u015fsiz renkleriyle olu\u015fan manzara, vatanda\u015flar taraf\u0131ndan ilgiyle izlenirken, baz\u0131 ki\u015filer bu anlar\u0131 cep telefonlar\u0131yla g\u00f6r\u00fcnt\u00fcledi. G\u00f6kku\u015fa\u011f\u0131n\u0131n Kavakl\u0131 k\u00f6y\u00fc semalar\u0131nda olu\u015fturdu\u011fu g\u00f6r\u00fcnt\u00fc, do\u011fan\u0131n sundu\u011fu nadir&#8230;<\/p>\n","protected":false},"author":1,"featured_media":84762,"comment_status":"open","ping_status":"open","sticky":false,"template":"","format":"standard","meta":{"_crdt_document":"","footnotes":""},"categories":[1],"tags":[],"class_list":["post-84761","post","type-post","status-publish","format-standard","has-post-thumbnail","hentry","category-guncel"],"_links":{"self":[{"href":"https:\/\/www.egemtv.com\/index.php?rest_route=\/wp\/v2\/posts\/84761","targetHints":{"allow":["GET"]}}],"collection":[{"href":"https:\/\/www.egemtv.com\/index.php?rest_route=\/wp\/v2\/posts"}],"about":[{"href":"https:\/\/www.egemtv.com\/index.php?rest_route=\/wp\/v2\/types\/post"}],"author":[{"embeddable":true,"href":"https:\/\/www.egemtv.com\/index.php?rest_route=\/wp\/v2\/users\/1"}],"replies":[{"embeddable":true,"href":"https:\/\/www.egemtv.com\/index.php?rest_route=%2Fwp%2Fv2%2Fcomments&post=84761"}],"version-history":[{"count":1,"href":"https:\/\/www.egemtv.com\/index.php?rest_route=\/wp\/v2\/posts\/84761\/revisions"}],"predecessor-version":[{"id":84763,"href":"https:\/\/www.egemtv.com\/index.php?rest_route=\/wp\/v2\/posts\/84761\/revisions\/84763"}],"wp:featuredmedia":[{"embeddable":true,"href":"https:\/\/www.egemtv.com\/index.php?rest_route=\/wp\/v2\/media\/84762"}],"wp:attachment":[{"href":"https:\/\/www.egemtv.com\/index.php?rest_route=%2Fwp%2Fv2%2Fmedia&parent=84761"}],"wp:term":[{"taxonomy":"category","embeddable":true,"href":"https:\/\/www.egemtv.com\/index.php?rest_route=%2Fwp%2Fv2%2Fcategories&post=84761"},{"taxonomy":"post_tag","embeddable":true,"href":"https:\/\/www.egemtv.com\/index.php?rest_route=%2Fwp%2Fv2%2Ftags&post=84761"}],"curies":[{"name":"wp","href":"https:\/\/api.w.org\/{rel}","templated":true}]}}