{"id":84758,"date":"2026-02-02T12:54:54","date_gmt":"2026-02-02T09:54:54","guid":{"rendered":"https:\/\/www.egemtv.com\/?p=84758"},"modified":"2026-02-02T12:54:55","modified_gmt":"2026-02-02T09:54:55","slug":"soke-sehir-stadinin-altay-macina-yetistirilmesi-icin-calismalar-hizlaniyor","status":"publish","type":"post","link":"https:\/\/www.egemtv.com\/?p=84758","title":{"rendered":"S\u00f6ke \u015eehir Stad\u0131\u2019n\u0131n Altay ma\u00e7\u0131na yeti\u015ftirilmesi i\u00e7in \u00e7al\u0131\u015fmalar h\u0131zlan\u0131yor"},"content":{"rendered":"<p>TFF 3. Lig\u2019de m\u00fccadele eden S\u00f6ke 1970 SK\u2019n\u0131n 15 \u015eubat\u2019ta oynayaca\u011f\u0131 Altay kar\u015f\u0131la\u015fmas\u0131n\u0131 S\u00f6ke \u015eehir Stad\u0131\u2019nda oynayabilmesi i\u00e7in \u00e7al\u0131\u015fmalar yo\u011funla\u015ft\u0131r\u0131lacak.<\/p>\n<p>Ayd\u0131n Gen\u00e7lik ve Spor \u0130l M\u00fcd\u00fcr\u00fc Serhat Y\u0131\u011fmatepe, S\u00f6ke\u2019ye gelerek stat ve tesislerde incelemelerde bulundu. \u0130ncelemelere S\u00f6ke Belediye Ba\u015fkan Vekili \u015eakir G\u00fclmez, AK Parti S\u00f6ke \u0130l\u00e7e Ba\u015fkan\u0131 M. Saki O\u011fuz, Gen\u00e7lik ve Spor \u0130l\u00e7e M\u00fcd\u00fcr\u00fc A. Turan G\u00fcnen ile S\u00f6ke 1970 SK y\u00f6neticileri de kat\u0131ld\u0131.<\/p>\n<p>Heyetle birlikte yap\u0131lan de\u011ferlendirmelerde, statta tespit edilen eksiklerin Altay ma\u00e7\u0131na kadar giderilmesi ve ge\u00e7ici de olsa valilik oluru ile ma\u00e7lar\u0131n S\u00f6ke \u015eehir Stad\u0131\u2019nda oynanabilmesine y\u00f6nelik s\u00fcre\u00e7 ele al\u0131nd\u0131. \u0130l M\u00fcd\u00fcr\u00fcyle bir araya gelen heyet, S\u00f6ke 1970 SK\u2019n\u0131n  i\u00e7 saha ma\u00e7lar\u0131n\u0131 kendi stad\u0131nda oynayabilmesinin \u00f6nemli oldu\u011funu vurgulad\u0131.<\/p>\n<p>Ayd\u0131n Gen\u00e7lik ve Spor \u0130l M\u00fcd\u00fcr\u00fc Serhat Y\u0131\u011fmatepe, &#8220;Gerekli \u00e7al\u0131\u015fmalar\u0131n h\u0131zland\u0131r\u0131lmas\u0131 i\u00e7in t\u00fcm imkanlar\u0131m\u0131z\u0131 seferber edece\u011fiz. Altay ma\u00e7\u0131na kadar eksiklerin giderilmesi ad\u0131na yo\u011fun bir \u00e7al\u0131\u015fma y\u00fcr\u00fct\u00fclecek ve elimizden gelen \u00e7abay\u0131 g\u00f6sterece\u011fiz&#8221; dedi.<br \/><\/p>\n","protected":false},"excerpt":{"rendered":"<p>TFF 3. Lig\u2019de m\u00fccadele eden S\u00f6ke 1970 SK\u2019n\u0131n 15 \u015eubat\u2019ta oynayaca\u011f\u0131 Altay kar\u015f\u0131la\u015fmas\u0131n\u0131 S\u00f6ke \u015eehir Stad\u0131\u2019nda oynayabilmesi i\u00e7in \u00e7al\u0131\u015fmalar yo\u011funla\u015ft\u0131r\u0131lacak. Ayd\u0131n Gen\u00e7lik ve Spor \u0130l M\u00fcd\u00fcr\u00fc Serhat Y\u0131\u011fmatepe, S\u00f6ke\u2019ye gelerek stat ve tesislerde incelemelerde bulundu. \u0130ncelemelere S\u00f6ke Belediye Ba\u015fkan Vekili \u015eakir G\u00fclmez, AK Parti S\u00f6ke \u0130l\u00e7e Ba\u015fkan\u0131 M. Saki O\u011fuz, Gen\u00e7lik ve Spor \u0130l\u00e7e M\u00fcd\u00fcr\u00fc&#8230;<\/p>\n","protected":false},"author":1,"featured_media":84759,"comment_status":"open","ping_status":"open","sticky":false,"template":"","format":"standard","meta":{"_crdt_document":"","footnotes":""},"categories":[4],"tags":[],"class_list":["post-84758","post","type-post","status-publish","format-standard","has-post-thumbnail","hentry","category-spor"],"_links":{"self":[{"href":"https:\/\/www.egemtv.com\/index.php?rest_route=\/wp\/v2\/posts\/84758","targetHints":{"allow":["GET"]}}],"collection":[{"href":"https:\/\/www.egemtv.com\/index.php?rest_route=\/wp\/v2\/posts"}],"about":[{"href":"https:\/\/www.egemtv.com\/index.php?rest_route=\/wp\/v2\/types\/post"}],"author":[{"embeddable":true,"href":"https:\/\/www.egemtv.com\/index.php?rest_route=\/wp\/v2\/users\/1"}],"replies":[{"embeddable":true,"href":"https:\/\/www.egemtv.com\/index.php?rest_route=%2Fwp%2Fv2%2Fcomments&post=84758"}],"version-history":[{"count":1,"href":"https:\/\/www.egemtv.com\/index.php?rest_route=\/wp\/v2\/posts\/84758\/revisions"}],"predecessor-version":[{"id":84760,"href":"https:\/\/www.egemtv.com\/index.php?rest_route=\/wp\/v2\/posts\/84758\/revisions\/84760"}],"wp:featuredmedia":[{"embeddable":true,"href":"https:\/\/www.egemtv.com\/index.php?rest_route=\/wp\/v2\/media\/84759"}],"wp:attachment":[{"href":"https:\/\/www.egemtv.com\/index.php?rest_route=%2Fwp%2Fv2%2Fmedia&parent=84758"}],"wp:term":[{"taxonomy":"category","embeddable":true,"href":"https:\/\/www.egemtv.com\/index.php?rest_route=%2Fwp%2Fv2%2Fcategories&post=84758"},{"taxonomy":"post_tag","embeddable":true,"href":"https:\/\/www.egemtv.com\/index.php?rest_route=%2Fwp%2Fv2%2Ftags&post=84758"}],"curies":[{"name":"wp","href":"https:\/\/api.w.org\/{rel}","templated":true}]}}