{"id":84755,"date":"2026-02-02T12:54:53","date_gmt":"2026-02-02T09:54:53","guid":{"rendered":"https:\/\/www.egemtv.com\/?p=84755"},"modified":"2026-02-02T12:54:54","modified_gmt":"2026-02-02T09:54:54","slug":"sokede-belediye-ekipleri-seferber-oldu","status":"publish","type":"post","link":"https:\/\/www.egemtv.com\/?p=84755","title":{"rendered":"S\u00f6ke\u2019de belediye ekipleri seferber oldu"},"content":{"rendered":"<p>S\u00f6ke\u2019de etkili olan sa\u011fanak ya\u011f\u0131\u015flarda S\u00f6ke Belediyesi ekipleri teyakkuz halinde \u00e7al\u0131\u015fmalar\u0131n\u0131 s\u00fcrd\u00fcrd\u00fc. Ya\u011f\u0131\u015f s\u0131ras\u0131nda muhtemel olumsuzluklara kar\u015f\u0131 sahada haz\u0131r bulunan ekipler, sabah saatlerinde ya\u011fmurun azalmas\u0131yla birlikte ya\u011f\u0131\u015f\u0131n b\u0131rakt\u0131\u011f\u0131 izleri temizlemek i\u00e7in geni\u015f kapsaml\u0131 bir \u00e7al\u0131\u015fma ba\u015flatt\u0131.<\/p>\n<p>\u00d6zellikle S\u00f6ke\u2019ye ba\u011fl\u0131 Ba\u011faras\u0131, Karacahay\u0131t ve \u00c7al\u0131k\u00f6y Mahalleleri\u2019nde meydana gelen su ta\u015fk\u0131n\u0131 ve sel olaylar\u0131n\u0131n ard\u0131ndan belediye ekipleri i\u015f makineleriyle b\u00f6lgelerde yo\u011fun mesai ba\u015flatt\u0131. Ta\u015fk\u0131n nedeniyle olu\u015fan \u00e7amur, birikinti ve t\u0131kanmalar\u0131n giderilmesi i\u00e7in y\u00fcr\u00fct\u00fclen \u00e7al\u0131\u015fmalarda, yollar ve yerle\u015fim alanlar\u0131 k\u0131sa s\u00fcrede temizlenerek yeniden kullan\u0131ma a\u00e7\u0131ld\u0131.<\/p>\n<p>Olumsuz hava \u015fartlar\u0131na kar\u015f\u0131 ekiplerin sahada olmaya devam edece\u011fini belirtilirken, vatanda\u015flardan da ya\u015fanabilecek risklere kar\u015f\u0131 dikkatli olmalar\u0131 istendi. \u00c7al\u0131\u015fmalar\u0131n, ya\u011f\u0131\u015ftan etkilenen t\u00fcm mahallelerde tamamen normale d\u00f6n\u00fc\u015f sa\u011flanana kadar s\u00fcrd\u00fcr\u00fclece\u011fi ifade edildi.<br \/><\/p>\n","protected":false},"excerpt":{"rendered":"<p>S\u00f6ke\u2019de etkili olan sa\u011fanak ya\u011f\u0131\u015flarda S\u00f6ke Belediyesi ekipleri teyakkuz halinde \u00e7al\u0131\u015fmalar\u0131n\u0131 s\u00fcrd\u00fcrd\u00fc. Ya\u011f\u0131\u015f s\u0131ras\u0131nda muhtemel olumsuzluklara kar\u015f\u0131 sahada haz\u0131r bulunan ekipler, sabah saatlerinde ya\u011fmurun azalmas\u0131yla birlikte ya\u011f\u0131\u015f\u0131n b\u0131rakt\u0131\u011f\u0131 izleri temizlemek i\u00e7in geni\u015f kapsaml\u0131 bir \u00e7al\u0131\u015fma ba\u015flatt\u0131. \u00d6zellikle S\u00f6ke\u2019ye ba\u011fl\u0131 Ba\u011faras\u0131, Karacahay\u0131t ve \u00c7al\u0131k\u00f6y Mahalleleri\u2019nde meydana gelen su ta\u015fk\u0131n\u0131 ve sel olaylar\u0131n\u0131n ard\u0131ndan belediye ekipleri i\u015f&#8230;<\/p>\n","protected":false},"author":1,"featured_media":84756,"comment_status":"open","ping_status":"open","sticky":false,"template":"","format":"standard","meta":{"_crdt_document":"","footnotes":""},"categories":[127],"tags":[],"class_list":["post-84755","post","type-post","status-publish","format-standard","has-post-thumbnail","hentry","category-siyaset"],"_links":{"self":[{"href":"https:\/\/www.egemtv.com\/index.php?rest_route=\/wp\/v2\/posts\/84755","targetHints":{"allow":["GET"]}}],"collection":[{"href":"https:\/\/www.egemtv.com\/index.php?rest_route=\/wp\/v2\/posts"}],"about":[{"href":"https:\/\/www.egemtv.com\/index.php?rest_route=\/wp\/v2\/types\/post"}],"author":[{"embeddable":true,"href":"https:\/\/www.egemtv.com\/index.php?rest_route=\/wp\/v2\/users\/1"}],"replies":[{"embeddable":true,"href":"https:\/\/www.egemtv.com\/index.php?rest_route=%2Fwp%2Fv2%2Fcomments&post=84755"}],"version-history":[{"count":1,"href":"https:\/\/www.egemtv.com\/index.php?rest_route=\/wp\/v2\/posts\/84755\/revisions"}],"predecessor-version":[{"id":84757,"href":"https:\/\/www.egemtv.com\/index.php?rest_route=\/wp\/v2\/posts\/84755\/revisions\/84757"}],"wp:featuredmedia":[{"embeddable":true,"href":"https:\/\/www.egemtv.com\/index.php?rest_route=\/wp\/v2\/media\/84756"}],"wp:attachment":[{"href":"https:\/\/www.egemtv.com\/index.php?rest_route=%2Fwp%2Fv2%2Fmedia&parent=84755"}],"wp:term":[{"taxonomy":"category","embeddable":true,"href":"https:\/\/www.egemtv.com\/index.php?rest_route=%2Fwp%2Fv2%2Fcategories&post=84755"},{"taxonomy":"post_tag","embeddable":true,"href":"https:\/\/www.egemtv.com\/index.php?rest_route=%2Fwp%2Fv2%2Ftags&post=84755"}],"curies":[{"name":"wp","href":"https:\/\/api.w.org\/{rel}","templated":true}]}}