{"id":84752,"date":"2026-02-02T12:54:52","date_gmt":"2026-02-02T09:54:52","guid":{"rendered":"https:\/\/www.egemtv.com\/?p=84752"},"modified":"2026-02-02T12:54:53","modified_gmt":"2026-02-02T09:54:53","slug":"dagdan-kopan-zeytin-agaci-karayolunu-ikiye-boldu","status":"publish","type":"post","link":"https:\/\/www.egemtv.com\/?p=84752","title":{"rendered":"Da\u011fdan kopan zeytin a\u011fac\u0131 karayolunu ikiye b\u00f6ld\u00fc"},"content":{"rendered":"<p>Ayd\u0131n\u2019\u0131n s\u00f6ke il\u00e7esinde sa\u011fanak ya\u011f\u0131\u015f sonras\u0131 k\u00f6k\u00fcyle birlikte sel sular\u0131n\u0131n getirdi\u011fi zeytin a\u011fac\u0131 karayolunu ikiye b\u00f6ld\u00fc.<br \/>\n<br \/>Meteoroloji\u2019nin sa\u011fanak ya\u011f\u0131\u015f ve f\u0131rt\u0131na uyar\u0131s\u0131n\u0131n ard\u0131ndan S\u00f6ke il\u00e7esinde sa\u011fanak ya\u011f\u0131\u015f d\u00fcn gece saatlerine kadar etkili oldu. Sa\u011fanak ya\u011f\u0131\u015fla birlikte yollar g\u00f6le d\u00f6nerken, k\u00f6k\u00fcyle birlikte yol ortas\u0131na s\u00fcr\u00fcklenen zeytin a\u011fac\u0131n\u0131 g\u00f6renler g\u00f6zlerine inanamad\u0131. Sel sular\u0131n\u0131n da\u011fdan kopard\u0131\u011f\u0131 ve adeta ayaklanan zeytin a\u011fac\u0131 s\u00fcr\u00fcklenerek karayolunun ortas\u0131nda durdu. \u0130lgin\u00e7 olay kameralara yans\u0131rken, durumu g\u00f6ren ara\u00e7 s\u00fcr\u00fcc\u00fclerinin ihbar\u0131 ile trafik ekipleri yolda g\u00fcvenlik \u00f6nlemi ald\u0131. B\u00f6lgeye gelen belediye ekipleri ise zeytin a\u011fac\u0131n\u0131 karayolunun ortas\u0131ndan kald\u0131r\u0131p yeniden dikilmek \u00fczere sera alan\u0131na g\u00f6t\u00fcr\u00fcrken, karayolunda ula\u015f\u0131m normale d\u00f6nd\u00fc.<br \/><\/p>\n","protected":false},"excerpt":{"rendered":"<p>Ayd\u0131n\u2019\u0131n s\u00f6ke il\u00e7esinde sa\u011fanak ya\u011f\u0131\u015f sonras\u0131 k\u00f6k\u00fcyle birlikte sel sular\u0131n\u0131n getirdi\u011fi zeytin a\u011fac\u0131 karayolunu ikiye b\u00f6ld\u00fc. Meteoroloji\u2019nin sa\u011fanak ya\u011f\u0131\u015f ve f\u0131rt\u0131na uyar\u0131s\u0131n\u0131n ard\u0131ndan S\u00f6ke il\u00e7esinde sa\u011fanak ya\u011f\u0131\u015f d\u00fcn gece saatlerine kadar etkili oldu. Sa\u011fanak ya\u011f\u0131\u015fla birlikte yollar g\u00f6le d\u00f6nerken, k\u00f6k\u00fcyle birlikte yol ortas\u0131na s\u00fcr\u00fcklenen zeytin a\u011fac\u0131n\u0131 g\u00f6renler g\u00f6zlerine inanamad\u0131. Sel sular\u0131n\u0131n da\u011fdan kopard\u0131\u011f\u0131 ve adeta&#8230;<\/p>\n","protected":false},"author":1,"featured_media":84753,"comment_status":"open","ping_status":"open","sticky":false,"template":"","format":"standard","meta":{"_crdt_document":"","footnotes":""},"categories":[5],"tags":[],"class_list":["post-84752","post","type-post","status-publish","format-standard","has-post-thumbnail","hentry","category-asayis"],"_links":{"self":[{"href":"https:\/\/www.egemtv.com\/index.php?rest_route=\/wp\/v2\/posts\/84752","targetHints":{"allow":["GET"]}}],"collection":[{"href":"https:\/\/www.egemtv.com\/index.php?rest_route=\/wp\/v2\/posts"}],"about":[{"href":"https:\/\/www.egemtv.com\/index.php?rest_route=\/wp\/v2\/types\/post"}],"author":[{"embeddable":true,"href":"https:\/\/www.egemtv.com\/index.php?rest_route=\/wp\/v2\/users\/1"}],"replies":[{"embeddable":true,"href":"https:\/\/www.egemtv.com\/index.php?rest_route=%2Fwp%2Fv2%2Fcomments&post=84752"}],"version-history":[{"count":1,"href":"https:\/\/www.egemtv.com\/index.php?rest_route=\/wp\/v2\/posts\/84752\/revisions"}],"predecessor-version":[{"id":84754,"href":"https:\/\/www.egemtv.com\/index.php?rest_route=\/wp\/v2\/posts\/84752\/revisions\/84754"}],"wp:featuredmedia":[{"embeddable":true,"href":"https:\/\/www.egemtv.com\/index.php?rest_route=\/wp\/v2\/media\/84753"}],"wp:attachment":[{"href":"https:\/\/www.egemtv.com\/index.php?rest_route=%2Fwp%2Fv2%2Fmedia&parent=84752"}],"wp:term":[{"taxonomy":"category","embeddable":true,"href":"https:\/\/www.egemtv.com\/index.php?rest_route=%2Fwp%2Fv2%2Fcategories&post=84752"},{"taxonomy":"post_tag","embeddable":true,"href":"https:\/\/www.egemtv.com\/index.php?rest_route=%2Fwp%2Fv2%2Ftags&post=84752"}],"curies":[{"name":"wp","href":"https:\/\/api.w.org\/{rel}","templated":true}]}}