{"id":84749,"date":"2026-02-02T12:54:51","date_gmt":"2026-02-02T09:54:51","guid":{"rendered":"https:\/\/www.egemtv.com\/?p=84749"},"modified":"2026-02-02T12:54:52","modified_gmt":"2026-02-02T09:54:52","slug":"manisali-deniz-erol-milli-takim-yolunda","status":"publish","type":"post","link":"https:\/\/www.egemtv.com\/?p=84749","title":{"rendered":"Manisal\u0131 Deniz Erol milli tak\u0131m yolunda"},"content":{"rendered":"<p>Antalya\u2019da d\u00fczenlenen T\u00fcrkiye K\u00fc\u00e7\u00fckler ve Y\u0131ld\u0131zlar Satran\u00e7 \u015eampiyonas\u0131\u2019nda m\u00fccadele eden Manisal\u0131 Deniz Erol, g\u00f6sterdi\u011fi \u00fcst\u00fcn performansla milli tak\u0131m havuzuna girerek Manisa\u2019ya b\u00fcy\u00fck gurur ya\u015fatt\u0131.<br \/>\n<br \/>T\u00fcrkiye Satran\u00e7 Federasyonu (TSF) taraf\u0131ndan 24-31 Ocak tarihleri aras\u0131nda Antalya Belek\u2019te d\u00fczenlenen 2026 T\u00fcrkiye K\u00fc\u00e7\u00fckler ve Y\u0131ld\u0131zlar Satran\u00e7 \u015eampiyonas\u0131\u2019nda Manisa ad\u0131na sevindirici bir ba\u015far\u0131 elde edildi. Manisal\u0131 gen\u00e7 sporcu Deniz Erol, turnuvada sergiledi\u011fi performansla milli tak\u0131m havuzuna girerek T\u00fcrkiye\u2019yi uluslararas\u0131 alanda temsil etme hakk\u0131 kazand\u0131.<br \/>\n<br \/>T\u00fcrkiye\u2019nin 81 ilinden binlerce sporcunun kat\u0131ld\u0131\u011f\u0131 dev organizasyonda, Manisa\u2019n\u0131n tan\u0131nm\u0131\u015f avukatlar\u0131ndan \u00d6mer Faruk Erol ve Seda Solmaz Erol \u00e7iftinin k\u0131z\u0131 olan Deniz Erol, 8 ya\u015f k\u0131zlar kategorisinde rakiplerine kar\u015f\u0131 \u00fcst\u00fcn bir m\u00fccadele ortaya koydu. Zorlu ge\u00e7en 11 turun ard\u0131ndan ba\u015far\u0131l\u0131 sonu\u00e7lar elde eden gen\u00e7 sporcu, Milli Sporcu unvan\u0131n\u0131 alarak \u00f6nemli bir ba\u015far\u0131ya imza att\u0131.<br \/>\n<br \/>Toplam 2 bin 884 sporcunun kat\u0131l\u0131m sa\u011flad\u0131\u011f\u0131 \u015fampiyonada, K\u00fc\u00e7\u00fckler (7-12 ya\u015f) ve Y\u0131ld\u0131zlar (13-18 ya\u015f) kategorilerinde yo\u011fun bir rekabet ya\u015fand\u0131. Sporcular, aileler ve antren\u00f6rlerle birlikte yakla\u015f\u0131k 10 bin ki\u015finin takip etti\u011fi organizasyon, Avrupa\u2019n\u0131n en b\u00fcy\u00fck satran\u00e7 turnuvalar\u0131ndan biri olarak dikkat \u00e7ekti.<br \/>\n<br \/>2026 y\u0131l\u0131 i\u00e7erisinde T\u00fcrk bayra\u011f\u0131n\u0131 uluslararas\u0131 turnuvalarda temsil edecek 216 sporcu aras\u0131na giren Deniz Erol\u2019un ba\u015far\u0131s\u0131, Manisa spor camias\u0131nda sevin\u00e7le kar\u015f\u0131land\u0131. Gen\u00e7 sporcunun disiplini ve azmiyle gelece\u011fin ba\u015far\u0131l\u0131 satran\u00e7 ustalar\u0131 aras\u0131nda yer almas\u0131 bekleniyor.<br \/><\/p>\n","protected":false},"excerpt":{"rendered":"<p>Antalya\u2019da d\u00fczenlenen T\u00fcrkiye K\u00fc\u00e7\u00fckler ve Y\u0131ld\u0131zlar Satran\u00e7 \u015eampiyonas\u0131\u2019nda m\u00fccadele eden Manisal\u0131 Deniz Erol, g\u00f6sterdi\u011fi \u00fcst\u00fcn performansla milli tak\u0131m havuzuna girerek Manisa\u2019ya b\u00fcy\u00fck gurur ya\u015fatt\u0131. T\u00fcrkiye Satran\u00e7 Federasyonu (TSF) taraf\u0131ndan 24-31 Ocak tarihleri aras\u0131nda Antalya Belek\u2019te d\u00fczenlenen 2026 T\u00fcrkiye K\u00fc\u00e7\u00fckler ve Y\u0131ld\u0131zlar Satran\u00e7 \u015eampiyonas\u0131\u2019nda Manisa ad\u0131na sevindirici bir ba\u015far\u0131 elde edildi. Manisal\u0131 gen\u00e7 sporcu Deniz Erol,&#8230;<\/p>\n","protected":false},"author":1,"featured_media":84750,"comment_status":"open","ping_status":"open","sticky":false,"template":"","format":"standard","meta":{"_crdt_document":"","footnotes":""},"categories":[4],"tags":[],"class_list":["post-84749","post","type-post","status-publish","format-standard","has-post-thumbnail","hentry","category-spor"],"_links":{"self":[{"href":"https:\/\/www.egemtv.com\/index.php?rest_route=\/wp\/v2\/posts\/84749","targetHints":{"allow":["GET"]}}],"collection":[{"href":"https:\/\/www.egemtv.com\/index.php?rest_route=\/wp\/v2\/posts"}],"about":[{"href":"https:\/\/www.egemtv.com\/index.php?rest_route=\/wp\/v2\/types\/post"}],"author":[{"embeddable":true,"href":"https:\/\/www.egemtv.com\/index.php?rest_route=\/wp\/v2\/users\/1"}],"replies":[{"embeddable":true,"href":"https:\/\/www.egemtv.com\/index.php?rest_route=%2Fwp%2Fv2%2Fcomments&post=84749"}],"version-history":[{"count":1,"href":"https:\/\/www.egemtv.com\/index.php?rest_route=\/wp\/v2\/posts\/84749\/revisions"}],"predecessor-version":[{"id":84751,"href":"https:\/\/www.egemtv.com\/index.php?rest_route=\/wp\/v2\/posts\/84749\/revisions\/84751"}],"wp:featuredmedia":[{"embeddable":true,"href":"https:\/\/www.egemtv.com\/index.php?rest_route=\/wp\/v2\/media\/84750"}],"wp:attachment":[{"href":"https:\/\/www.egemtv.com\/index.php?rest_route=%2Fwp%2Fv2%2Fmedia&parent=84749"}],"wp:term":[{"taxonomy":"category","embeddable":true,"href":"https:\/\/www.egemtv.com\/index.php?rest_route=%2Fwp%2Fv2%2Fcategories&post=84749"},{"taxonomy":"post_tag","embeddable":true,"href":"https:\/\/www.egemtv.com\/index.php?rest_route=%2Fwp%2Fv2%2Ftags&post=84749"}],"curies":[{"name":"wp","href":"https:\/\/api.w.org\/{rel}","templated":true}]}}