{"id":84742,"date":"2026-02-02T12:34:48","date_gmt":"2026-02-02T09:34:48","guid":{"rendered":"https:\/\/www.egemtv.com\/?p=84742"},"modified":"2026-02-02T12:34:50","modified_gmt":"2026-02-02T09:34:50","slug":"burdurda-mobilya-imalathanesinde-yangin","status":"publish","type":"post","link":"https:\/\/www.egemtv.com\/?p=84742","title":{"rendered":"Burdur\u2019da mobilya imalathanesinde yang\u0131n"},"content":{"rendered":"<p>Burdur\u2019da mobilya imalathanesinde \u00e7\u0131kan yang\u0131n itfaiye ekipleri taraf\u0131ndan s\u00f6nd\u00fcr\u00fcld\u00fc.<br \/>\n<br \/>Yang\u0131n, sabah saatlerinde Yeni Sanayi Sitesi 3. Sokakta bulunan bir mobilya imalathanesinde meydana geldi. Edinilen bilgeye g\u00f6re, mobilya imalathanesinde hen\u00fcz bilinmeyen bir sebepten yang\u0131n \u00e7\u0131kt\u0131. Dumanlar\u0131 g\u00f6ren \u00e7evredeki vatanda\u015flar\u0131n ihbar\u0131 \u00fczerine adrese itfaiye ve polis ekipleri sevk edildi. Polis ekipleri taraf\u0131ndan \u00e7evrede g\u00fcvenlik \u00f6nlemi al\u0131n\u0131rken itfaiye ekipleri yang\u0131n\u0131 kontrol alt\u0131na alarak s\u00f6nd\u00fcrd\u00fc. D\u00fckkanda maddi zarar meydana gelirken yang\u0131n\u0131n \u00e7\u0131k\u0131\u015f nedeni ara\u015ft\u0131r\u0131l\u0131yor.<br \/><\/p>\n","protected":false},"excerpt":{"rendered":"<p>Burdur\u2019da mobilya imalathanesinde \u00e7\u0131kan yang\u0131n itfaiye ekipleri taraf\u0131ndan s\u00f6nd\u00fcr\u00fcld\u00fc. Yang\u0131n, sabah saatlerinde Yeni Sanayi Sitesi 3. Sokakta bulunan bir mobilya imalathanesinde meydana geldi. Edinilen bilgeye g\u00f6re, mobilya imalathanesinde hen\u00fcz bilinmeyen bir sebepten yang\u0131n \u00e7\u0131kt\u0131. Dumanlar\u0131 g\u00f6ren \u00e7evredeki vatanda\u015flar\u0131n ihbar\u0131 \u00fczerine adrese itfaiye ve polis ekipleri sevk edildi. Polis ekipleri taraf\u0131ndan \u00e7evrede g\u00fcvenlik \u00f6nlemi al\u0131n\u0131rken itfaiye&#8230;<\/p>\n","protected":false},"author":1,"featured_media":84743,"comment_status":"open","ping_status":"open","sticky":false,"template":"","format":"standard","meta":{"_crdt_document":"","footnotes":""},"categories":[5],"tags":[],"class_list":["post-84742","post","type-post","status-publish","format-standard","has-post-thumbnail","hentry","category-asayis"],"_links":{"self":[{"href":"https:\/\/www.egemtv.com\/index.php?rest_route=\/wp\/v2\/posts\/84742","targetHints":{"allow":["GET"]}}],"collection":[{"href":"https:\/\/www.egemtv.com\/index.php?rest_route=\/wp\/v2\/posts"}],"about":[{"href":"https:\/\/www.egemtv.com\/index.php?rest_route=\/wp\/v2\/types\/post"}],"author":[{"embeddable":true,"href":"https:\/\/www.egemtv.com\/index.php?rest_route=\/wp\/v2\/users\/1"}],"replies":[{"embeddable":true,"href":"https:\/\/www.egemtv.com\/index.php?rest_route=%2Fwp%2Fv2%2Fcomments&post=84742"}],"version-history":[{"count":1,"href":"https:\/\/www.egemtv.com\/index.php?rest_route=\/wp\/v2\/posts\/84742\/revisions"}],"predecessor-version":[{"id":84744,"href":"https:\/\/www.egemtv.com\/index.php?rest_route=\/wp\/v2\/posts\/84742\/revisions\/84744"}],"wp:featuredmedia":[{"embeddable":true,"href":"https:\/\/www.egemtv.com\/index.php?rest_route=\/wp\/v2\/media\/84743"}],"wp:attachment":[{"href":"https:\/\/www.egemtv.com\/index.php?rest_route=%2Fwp%2Fv2%2Fmedia&parent=84742"}],"wp:term":[{"taxonomy":"category","embeddable":true,"href":"https:\/\/www.egemtv.com\/index.php?rest_route=%2Fwp%2Fv2%2Fcategories&post=84742"},{"taxonomy":"post_tag","embeddable":true,"href":"https:\/\/www.egemtv.com\/index.php?rest_route=%2Fwp%2Fv2%2Ftags&post=84742"}],"curies":[{"name":"wp","href":"https:\/\/api.w.org\/{rel}","templated":true}]}}