{"id":84739,"date":"2026-02-02T12:14:58","date_gmt":"2026-02-02T09:14:58","guid":{"rendered":"https:\/\/www.egemtv.com\/?p=84739"},"modified":"2026-02-02T12:14:59","modified_gmt":"2026-02-02T09:14:59","slug":"aydinda-polis-okul-cevrelerinde-onlemlerini-artirdi","status":"publish","type":"post","link":"https:\/\/www.egemtv.com\/?p=84739","title":{"rendered":"Ayd\u0131n\u2019da polis okul \u00e7evrelerinde \u00f6nlemlerini art\u0131rd\u0131"},"content":{"rendered":"<p>Ayd\u0131n\u2019da 188 bin \u00f6\u011frencinin ikinci d\u00f6nemde ders ba\u015f\u0131 yapmas\u0131 ile birlikte polis ekipleri de okul \u00f6nleri ve \u00e7evresinde denetimlerini art\u0131rd\u0131, 151 \u015fah\u0131s sorguland\u0131.<br \/>\n<br \/>Ayd\u0131n \u0130l Emniyet M\u00fcd\u00fcrl\u00fc\u011f\u00fc\u2019ne ba\u011fl\u0131 polis ekipleri Efeler il\u00e7e merkezindeki okul \u00e7evrelerinde \u00e7al\u0131\u015fmalar\u0131n\u0131 s\u00fcrd\u00fcr\u00fcyor. Okullar\u0131n \u00e7evresinde g\u00fcvenlik tedbirleri kapsam\u0131nda yap\u0131lan \u00e7al\u0131\u015fmalarda bu saate kadar 40 i\u015f yeri denetlenirken, 151 \u015fah\u0131s sorguland\u0131. Herhangi bir olumsuzlu\u011fa rastlanmazken, g\u00fcvenlik tedbirlerinin artarak devam edece\u011fi \u00f6\u011frenildi.<br \/><\/p>\n","protected":false},"excerpt":{"rendered":"<p>Ayd\u0131n\u2019da 188 bin \u00f6\u011frencinin ikinci d\u00f6nemde ders ba\u015f\u0131 yapmas\u0131 ile birlikte polis ekipleri de okul \u00f6nleri ve \u00e7evresinde denetimlerini art\u0131rd\u0131, 151 \u015fah\u0131s sorguland\u0131. Ayd\u0131n \u0130l Emniyet M\u00fcd\u00fcrl\u00fc\u011f\u00fc\u2019ne ba\u011fl\u0131 polis ekipleri Efeler il\u00e7e merkezindeki okul \u00e7evrelerinde \u00e7al\u0131\u015fmalar\u0131n\u0131 s\u00fcrd\u00fcr\u00fcyor. Okullar\u0131n \u00e7evresinde g\u00fcvenlik tedbirleri kapsam\u0131nda yap\u0131lan \u00e7al\u0131\u015fmalarda bu saate kadar 40 i\u015f yeri denetlenirken, 151 \u015fah\u0131s sorguland\u0131. Herhangi&#8230;<\/p>\n","protected":false},"author":1,"featured_media":84740,"comment_status":"open","ping_status":"open","sticky":false,"template":"","format":"standard","meta":{"_crdt_document":"","footnotes":""},"categories":[5],"tags":[],"class_list":["post-84739","post","type-post","status-publish","format-standard","has-post-thumbnail","hentry","category-asayis"],"_links":{"self":[{"href":"https:\/\/www.egemtv.com\/index.php?rest_route=\/wp\/v2\/posts\/84739","targetHints":{"allow":["GET"]}}],"collection":[{"href":"https:\/\/www.egemtv.com\/index.php?rest_route=\/wp\/v2\/posts"}],"about":[{"href":"https:\/\/www.egemtv.com\/index.php?rest_route=\/wp\/v2\/types\/post"}],"author":[{"embeddable":true,"href":"https:\/\/www.egemtv.com\/index.php?rest_route=\/wp\/v2\/users\/1"}],"replies":[{"embeddable":true,"href":"https:\/\/www.egemtv.com\/index.php?rest_route=%2Fwp%2Fv2%2Fcomments&post=84739"}],"version-history":[{"count":1,"href":"https:\/\/www.egemtv.com\/index.php?rest_route=\/wp\/v2\/posts\/84739\/revisions"}],"predecessor-version":[{"id":84741,"href":"https:\/\/www.egemtv.com\/index.php?rest_route=\/wp\/v2\/posts\/84739\/revisions\/84741"}],"wp:featuredmedia":[{"embeddable":true,"href":"https:\/\/www.egemtv.com\/index.php?rest_route=\/wp\/v2\/media\/84740"}],"wp:attachment":[{"href":"https:\/\/www.egemtv.com\/index.php?rest_route=%2Fwp%2Fv2%2Fmedia&parent=84739"}],"wp:term":[{"taxonomy":"category","embeddable":true,"href":"https:\/\/www.egemtv.com\/index.php?rest_route=%2Fwp%2Fv2%2Fcategories&post=84739"},{"taxonomy":"post_tag","embeddable":true,"href":"https:\/\/www.egemtv.com\/index.php?rest_route=%2Fwp%2Fv2%2Ftags&post=84739"}],"curies":[{"name":"wp","href":"https:\/\/api.w.org\/{rel}","templated":true}]}}