{"id":84733,"date":"2026-02-02T12:14:55","date_gmt":"2026-02-02T09:14:55","guid":{"rendered":"https:\/\/www.egemtv.com\/?p=84733"},"modified":"2026-02-02T12:14:56","modified_gmt":"2026-02-02T09:14:56","slug":"aslanapa-ve-cavdarhisar-ilcelerinde-uretim-ve-istihdam-artacak","status":"publish","type":"post","link":"https:\/\/www.egemtv.com\/?p=84733","title":{"rendered":"Aslanapa ve \u00c7avdarhisar il\u00e7elerinde \u00fcretim ve istihdam artacak"},"content":{"rendered":"<p>Tar\u0131m ve K\u0131rsal Kalk\u0131nmay\u0131 Destekleme Kurumu (TKDK) K\u00fctahya \u0130l Koordinat\u00f6rl\u00fc\u011f\u00fc ile Aslanapa ve \u00c7avdarhisar Yerel Eylem Grubu Derne\u011fi aras\u0131nda, y\u00fczde 100 hibe destekli LEADER Yakla\u015f\u0131m\u0131 Tedbiri S\u00f6zle\u015fmesi imzaland\u0131.<br \/>\n<br \/>IPARD III Program\u0131 6. Ba\u015fvuru \u00c7a\u011fr\u0131 D\u00f6nemi kapsam\u0131nda imzalanan s\u00f6zle\u015fme, Aslanapa ve \u00c7avdarhisar il\u00e7elerini kaps\u0131yor. Bu do\u011frultuda kurulan Aslanapa \u00c7avdarhisar Yerel Eylem Grubu Derne\u011fi ile yap\u0131lan anla\u015fman\u0131n toplam b\u00fct\u00e7esi 12 milyon 404 bin 665 TL olurken, projenin uygulama s\u00fcresi 5 y\u0131l olarak belirlendi.<br \/>\n<br \/>\u0130mzalanan s\u00f6zle\u015fme ile k\u0131rsal kalk\u0131nman\u0131n h\u0131zland\u0131r\u0131lmas\u0131, yerel giri\u015fimcili\u011fin desteklenmesi ve b\u00f6lgedeki \u00fcretim ile istihdam\u0131n art\u0131r\u0131lmas\u0131 hedefleniyor. LEADER Yakla\u015f\u0131m\u0131 kapsam\u0131nda sa\u011flanacak y\u00fczde 100 hibe deste\u011fi sayesinde, Aslanapa ve \u00c7avdarhisar\u2019da ekonomik ve sosyal geli\u015fimin g\u00fc\u00e7lendirilmesi ama\u00e7lan\u0131yor.<br \/><\/p>\n","protected":false},"excerpt":{"rendered":"<p>Tar\u0131m ve K\u0131rsal Kalk\u0131nmay\u0131 Destekleme Kurumu (TKDK) K\u00fctahya \u0130l Koordinat\u00f6rl\u00fc\u011f\u00fc ile Aslanapa ve \u00c7avdarhisar Yerel Eylem Grubu Derne\u011fi aras\u0131nda, y\u00fczde 100 hibe destekli LEADER Yakla\u015f\u0131m\u0131 Tedbiri S\u00f6zle\u015fmesi imzaland\u0131. IPARD III Program\u0131 6. Ba\u015fvuru \u00c7a\u011fr\u0131 D\u00f6nemi kapsam\u0131nda imzalanan s\u00f6zle\u015fme, Aslanapa ve \u00c7avdarhisar il\u00e7elerini kaps\u0131yor. Bu do\u011frultuda kurulan Aslanapa \u00c7avdarhisar Yerel Eylem Grubu Derne\u011fi ile yap\u0131lan anla\u015fman\u0131n&#8230;<\/p>\n","protected":false},"author":1,"featured_media":84734,"comment_status":"open","ping_status":"open","sticky":false,"template":"","format":"standard","meta":{"_crdt_document":"","footnotes":""},"categories":[125],"tags":[],"class_list":["post-84733","post","type-post","status-publish","format-standard","has-post-thumbnail","hentry","category-ekonomi"],"_links":{"self":[{"href":"https:\/\/www.egemtv.com\/index.php?rest_route=\/wp\/v2\/posts\/84733","targetHints":{"allow":["GET"]}}],"collection":[{"href":"https:\/\/www.egemtv.com\/index.php?rest_route=\/wp\/v2\/posts"}],"about":[{"href":"https:\/\/www.egemtv.com\/index.php?rest_route=\/wp\/v2\/types\/post"}],"author":[{"embeddable":true,"href":"https:\/\/www.egemtv.com\/index.php?rest_route=\/wp\/v2\/users\/1"}],"replies":[{"embeddable":true,"href":"https:\/\/www.egemtv.com\/index.php?rest_route=%2Fwp%2Fv2%2Fcomments&post=84733"}],"version-history":[{"count":1,"href":"https:\/\/www.egemtv.com\/index.php?rest_route=\/wp\/v2\/posts\/84733\/revisions"}],"predecessor-version":[{"id":84735,"href":"https:\/\/www.egemtv.com\/index.php?rest_route=\/wp\/v2\/posts\/84733\/revisions\/84735"}],"wp:featuredmedia":[{"embeddable":true,"href":"https:\/\/www.egemtv.com\/index.php?rest_route=\/wp\/v2\/media\/84734"}],"wp:attachment":[{"href":"https:\/\/www.egemtv.com\/index.php?rest_route=%2Fwp%2Fv2%2Fmedia&parent=84733"}],"wp:term":[{"taxonomy":"category","embeddable":true,"href":"https:\/\/www.egemtv.com\/index.php?rest_route=%2Fwp%2Fv2%2Fcategories&post=84733"},{"taxonomy":"post_tag","embeddable":true,"href":"https:\/\/www.egemtv.com\/index.php?rest_route=%2Fwp%2Fv2%2Ftags&post=84733"}],"curies":[{"name":"wp","href":"https:\/\/api.w.org\/{rel}","templated":true}]}}