{"id":84730,"date":"2026-02-02T11:55:09","date_gmt":"2026-02-02T08:55:09","guid":{"rendered":"https:\/\/www.egemtv.com\/?p=84730"},"modified":"2026-02-02T11:55:11","modified_gmt":"2026-02-02T08:55:11","slug":"izmirde-egitimde-ikinci-donem-kirmizi-beyaz-basladi","status":"publish","type":"post","link":"https:\/\/www.egemtv.com\/?p=84730","title":{"rendered":"\u0130zmir\u2019de e\u011fitimde ikinci d\u00f6nem \u2019k\u0131rm\u0131z\u0131-beyaz\u2019 ba\u015flad\u0131"},"content":{"rendered":"<p>\u0130zmir\u2019de 2025-2026 e\u011fitim \u00f6\u011fretim y\u0131l\u0131n\u0131n ikinci d\u00f6nemi, &#8220;Bayrak Sevgisi&#8221; temas\u0131yla d\u00fczenlenen t\u00f6renle ba\u015flad\u0131. Kent genelinde binlerce \u00f6\u011frenci ve \u00f6\u011fretmen, T\u00fcrk bayraklar\u0131yla donat\u0131lan s\u0131n\u0131flarda ilk ders zilini \u00e7ald\u0131.<br \/>\n<br \/>\u0130zmir\u2019de 756 bin 143 \u00f6\u011frenci ve 56 bin 656 \u00f6\u011fretmen i\u00e7in ikinci d\u00f6nem heyecan\u0131 ba\u015flad\u0131. \u0130l Milli E\u011fitim M\u00fcd\u00fcrl\u00fc\u011f\u00fc taraf\u0131ndan d\u00fczenlenen 2025-2026 e\u011fitim \u00f6\u011fretim y\u0131l\u0131 ikinci d\u00f6nem a\u00e7\u0131l\u0131\u015f t\u00f6reni, Narl\u0131dere Prof. Dr. Aziz Sancar Ortaokulu\u2019nda ger\u00e7ekle\u015ftirildi. Milli E\u011fitim Bakanl\u0131\u011f\u0131 taraf\u0131ndan &#8220;Bayrak Sevgisi&#8221; temas\u0131yla d\u00fczenlenen t\u00f6rene, \u0130zmir \u0130l Milli E\u011fitim M\u00fcd\u00fcr\u00fc \u00d6mer Yah\u015fi, \u00f6\u011fretmenler ve \u00f6\u011frenciler kat\u0131ld\u0131.<\/p>\n<p>Okullar k\u0131rm\u0131z\u0131-beyaza b\u00fcr\u00fcnd\u00fc<br \/>\n<br \/>Milli E\u011fitim Bakanl\u0131\u011f\u0131 taraf\u0131ndan kararla\u015ft\u0131r\u0131lan &#8220;Bayrak Sevgisi&#8221; temas\u0131 kapsam\u0131nda okul bah\u00e7esi ve s\u0131n\u0131flar T\u00fcrk bayraklar\u0131yla donat\u0131ld\u0131. K\u0131rm\u0131z\u0131-beyaz renklerle s\u00fcslenen okulda \u00f6\u011frenciler, d\u00f6nemin ilk g\u00fcn\u00fcnde ellerindeki bayraklarla t\u00f6rene e\u015flik etti. Bayraklarla s\u00fcslenen s\u0131n\u0131flar\u0131na giren \u00f6\u011frenciler, yeni d\u00f6nemin ilk dersini bu atmosferde i\u015fledi.<br \/>\n<br \/>T\u00f6ren, \u0130zmir genelindeki di\u011fer okullarda da benzer etkinliklerle kutlan\u0131rken, \u00f6\u011frencilerin ilk g\u00fcn heyecan\u0131na ay-y\u0131ld\u0131zl\u0131 g\u00f6rseller e\u015flik etti.<br \/><\/p>\n","protected":false},"excerpt":{"rendered":"<p>\u0130zmir\u2019de 2025-2026 e\u011fitim \u00f6\u011fretim y\u0131l\u0131n\u0131n ikinci d\u00f6nemi, &#8220;Bayrak Sevgisi&#8221; temas\u0131yla d\u00fczenlenen t\u00f6renle ba\u015flad\u0131. Kent genelinde binlerce \u00f6\u011frenci ve \u00f6\u011fretmen, T\u00fcrk bayraklar\u0131yla donat\u0131lan s\u0131n\u0131flarda ilk ders zilini \u00e7ald\u0131. \u0130zmir\u2019de 756 bin 143 \u00f6\u011frenci ve 56 bin 656 \u00f6\u011fretmen i\u00e7in ikinci d\u00f6nem heyecan\u0131 ba\u015flad\u0131. \u0130l Milli E\u011fitim M\u00fcd\u00fcrl\u00fc\u011f\u00fc taraf\u0131ndan d\u00fczenlenen 2025-2026 e\u011fitim \u00f6\u011fretim y\u0131l\u0131 ikinci d\u00f6nem a\u00e7\u0131l\u0131\u015f&#8230;<\/p>\n","protected":false},"author":1,"featured_media":84731,"comment_status":"open","ping_status":"open","sticky":false,"template":"","format":"standard","meta":{"_crdt_document":"","footnotes":""},"categories":[1],"tags":[],"class_list":["post-84730","post","type-post","status-publish","format-standard","has-post-thumbnail","hentry","category-guncel"],"_links":{"self":[{"href":"https:\/\/www.egemtv.com\/index.php?rest_route=\/wp\/v2\/posts\/84730","targetHints":{"allow":["GET"]}}],"collection":[{"href":"https:\/\/www.egemtv.com\/index.php?rest_route=\/wp\/v2\/posts"}],"about":[{"href":"https:\/\/www.egemtv.com\/index.php?rest_route=\/wp\/v2\/types\/post"}],"author":[{"embeddable":true,"href":"https:\/\/www.egemtv.com\/index.php?rest_route=\/wp\/v2\/users\/1"}],"replies":[{"embeddable":true,"href":"https:\/\/www.egemtv.com\/index.php?rest_route=%2Fwp%2Fv2%2Fcomments&post=84730"}],"version-history":[{"count":1,"href":"https:\/\/www.egemtv.com\/index.php?rest_route=\/wp\/v2\/posts\/84730\/revisions"}],"predecessor-version":[{"id":84732,"href":"https:\/\/www.egemtv.com\/index.php?rest_route=\/wp\/v2\/posts\/84730\/revisions\/84732"}],"wp:featuredmedia":[{"embeddable":true,"href":"https:\/\/www.egemtv.com\/index.php?rest_route=\/wp\/v2\/media\/84731"}],"wp:attachment":[{"href":"https:\/\/www.egemtv.com\/index.php?rest_route=%2Fwp%2Fv2%2Fmedia&parent=84730"}],"wp:term":[{"taxonomy":"category","embeddable":true,"href":"https:\/\/www.egemtv.com\/index.php?rest_route=%2Fwp%2Fv2%2Fcategories&post=84730"},{"taxonomy":"post_tag","embeddable":true,"href":"https:\/\/www.egemtv.com\/index.php?rest_route=%2Fwp%2Fv2%2Ftags&post=84730"}],"curies":[{"name":"wp","href":"https:\/\/api.w.org\/{rel}","templated":true}]}}