{"id":84727,"date":"2026-02-02T11:55:05","date_gmt":"2026-02-02T08:55:05","guid":{"rendered":"https:\/\/www.egemtv.com\/?p=84727"},"modified":"2026-02-02T11:55:08","modified_gmt":"2026-02-02T08:55:08","slug":"burdurda-dagda-mahsur-kalan-4-kisi-kurtarildi","status":"publish","type":"post","link":"https:\/\/www.egemtv.com\/?p=84727","title":{"rendered":"Burdur\u2019da da\u011fda mahsur kalan 4 ki\u015fi kurtar\u0131ld\u0131"},"content":{"rendered":"<p>Burdur\u2019un Bucak il\u00e7esinde gezmek i\u00e7in ara\u00e7la Kestel Da\u011f\u0131\u2019na \u00e7\u0131kan 4 ki\u015fi mahsur kal\u0131rken b\u00f6lgeye sevk edilen ekiplerce kurtar\u0131ld\u0131.<br \/>\n<br \/>Olay, gece saatlerinde Bucak il\u00e7esi Kestel Da\u011f\u0131\u2019nda meydana geldi. Edinilen bilgi g\u00f6re, ara\u00e7lar\u0131 ile 4 ki\u015fi gezmek i\u00e7in ara\u00e7lar\u0131 ile Kestel Da\u011f\u0131\u2019na \u00e7\u0131kt\u0131. Bir s\u00fcre sonra ara\u00e7lar\u0131 \u015farampole d\u00fc\u015fen 4 ki\u015fi durumu 112 Acil \u00c7a\u011fr\u0131 Merkez\u2019ine bildirdi. \u0130hbar \u00fczerine b\u00f6lgeye AFAD ve jandarma ekipleri sevk edildi. Ekipler taraf\u0131ndan uzun u\u011fra\u015flar sonucu mahsur kalan 4 ki\u015fiye ula\u015f\u0131ld\u0131. Ara\u00e7 \u015farampolden trakt\u00f6r vas\u0131tas\u0131yla \u00e7ekilirken 4 ki\u015fi ekipler taraf\u0131ndan da\u011fdan indirildi.<br \/><\/p>\n","protected":false},"excerpt":{"rendered":"<p>Burdur\u2019un Bucak il\u00e7esinde gezmek i\u00e7in ara\u00e7la Kestel Da\u011f\u0131\u2019na \u00e7\u0131kan 4 ki\u015fi mahsur kal\u0131rken b\u00f6lgeye sevk edilen ekiplerce kurtar\u0131ld\u0131. Olay, gece saatlerinde Bucak il\u00e7esi Kestel Da\u011f\u0131\u2019nda meydana geldi. Edinilen bilgi g\u00f6re, ara\u00e7lar\u0131 ile 4 ki\u015fi gezmek i\u00e7in ara\u00e7lar\u0131 ile Kestel Da\u011f\u0131\u2019na \u00e7\u0131kt\u0131. Bir s\u00fcre sonra ara\u00e7lar\u0131 \u015farampole d\u00fc\u015fen 4 ki\u015fi durumu 112 Acil \u00c7a\u011fr\u0131 Merkez\u2019ine bildirdi&#8230;.<\/p>\n","protected":false},"author":1,"featured_media":84728,"comment_status":"open","ping_status":"open","sticky":false,"template":"","format":"standard","meta":{"_crdt_document":"","footnotes":""},"categories":[5],"tags":[],"class_list":["post-84727","post","type-post","status-publish","format-standard","has-post-thumbnail","hentry","category-asayis"],"_links":{"self":[{"href":"https:\/\/www.egemtv.com\/index.php?rest_route=\/wp\/v2\/posts\/84727","targetHints":{"allow":["GET"]}}],"collection":[{"href":"https:\/\/www.egemtv.com\/index.php?rest_route=\/wp\/v2\/posts"}],"about":[{"href":"https:\/\/www.egemtv.com\/index.php?rest_route=\/wp\/v2\/types\/post"}],"author":[{"embeddable":true,"href":"https:\/\/www.egemtv.com\/index.php?rest_route=\/wp\/v2\/users\/1"}],"replies":[{"embeddable":true,"href":"https:\/\/www.egemtv.com\/index.php?rest_route=%2Fwp%2Fv2%2Fcomments&post=84727"}],"version-history":[{"count":1,"href":"https:\/\/www.egemtv.com\/index.php?rest_route=\/wp\/v2\/posts\/84727\/revisions"}],"predecessor-version":[{"id":84729,"href":"https:\/\/www.egemtv.com\/index.php?rest_route=\/wp\/v2\/posts\/84727\/revisions\/84729"}],"wp:featuredmedia":[{"embeddable":true,"href":"https:\/\/www.egemtv.com\/index.php?rest_route=\/wp\/v2\/media\/84728"}],"wp:attachment":[{"href":"https:\/\/www.egemtv.com\/index.php?rest_route=%2Fwp%2Fv2%2Fmedia&parent=84727"}],"wp:term":[{"taxonomy":"category","embeddable":true,"href":"https:\/\/www.egemtv.com\/index.php?rest_route=%2Fwp%2Fv2%2Fcategories&post=84727"},{"taxonomy":"post_tag","embeddable":true,"href":"https:\/\/www.egemtv.com\/index.php?rest_route=%2Fwp%2Fv2%2Ftags&post=84727"}],"curies":[{"name":"wp","href":"https:\/\/api.w.org\/{rel}","templated":true}]}}