{"id":84724,"date":"2026-02-02T11:55:03","date_gmt":"2026-02-02T08:55:03","guid":{"rendered":"https:\/\/www.egemtv.com\/?p=84724"},"modified":"2026-02-02T11:55:05","modified_gmt":"2026-02-02T08:55:05","slug":"mentese-devlet-hastanesinde-kaliteli-hizmet-toplantisi-yapildi","status":"publish","type":"post","link":"https:\/\/www.egemtv.com\/?p=84724","title":{"rendered":"Mente\u015fe Devlet Hastanesi\u2019nde kaliteli hizmet toplant\u0131s\u0131 yap\u0131ld\u0131"},"content":{"rendered":"<p>Mente\u015fe Devlet Hastanesi, \u00e7al\u0131\u015fan memnuniyetini art\u0131rmak ve sa\u011fl\u0131k hizmet kalitesini en \u00fcst seviyeye \u00e7\u0131karmak amac\u0131yla d\u00fczenledi\u011fi personel bulu\u015fmalar\u0131na bir yenisini ekledi. 2026 y\u0131l\u0131n\u0131n ilk geni\u015f kat\u0131l\u0131ml\u0131 toplant\u0131s\u0131nda, idare ve personel &#8220;daha kaliteli hizmet&#8221; hedefiyle bir araya geldi.<\/p>\n<p>Hizmet s\u00fcre\u00e7lerini geli\u015ftirmek ve kurum i\u00e7i koordinasyonu en \u00fcst seviyeye ta\u015f\u0131mak amac\u0131yla d\u00fczenlenen toplant\u0131, hastanede g\u00f6rev yapan t\u00fcm meslek gruplar\u0131n\u0131n kat\u0131l\u0131m\u0131yla ger\u00e7ekle\u015ftirildi. Hekimlerden hem\u015firelere, teknik personelden idari birimlere kadar her bran\u015ftan \u00e7al\u0131\u015fan\u0131n yer ald\u0131\u011f\u0131 bulu\u015fmada, &#8220;ortak ak\u0131l&#8221; vurgusu yap\u0131ld\u0131.<\/p>\n<p>Ba\u015fhekim Op. Dr. \u015eadi Ball\u0131 ve hastane idari ekibinin bizzat kat\u0131l\u0131m sa\u011flad\u0131\u011f\u0131 toplant\u0131da, \u00e7al\u0131\u015fanlar\u0131n talep, \u00f6neri ve geri bildirimleri tek tek not edildi.<\/p>\n<p>Mente\u015fe Devlet Hastanesi y\u00f6netiminden yap\u0131lan a\u00e7\u0131klamada, bu t\u00fcr nitelikli toplant\u0131lar\u0131n periyodik olarak devam edece\u011fi belirtildi. \u00c7al\u0131\u015fan memnuniyetinin, sunulan sa\u011fl\u0131k hizmetinin kalitesine do\u011frudan yans\u0131d\u0131\u011f\u0131 ifade edilirken; personelin g\u00f6r\u00fc\u015f ve geri bildirimlerinin y\u00f6netim kararlar\u0131nda belirleyici bir rol oynamaya devam edece\u011fi vurguland\u0131.<br \/><\/p>\n","protected":false},"excerpt":{"rendered":"<p>Mente\u015fe Devlet Hastanesi, \u00e7al\u0131\u015fan memnuniyetini art\u0131rmak ve sa\u011fl\u0131k hizmet kalitesini en \u00fcst seviyeye \u00e7\u0131karmak amac\u0131yla d\u00fczenledi\u011fi personel bulu\u015fmalar\u0131na bir yenisini ekledi. 2026 y\u0131l\u0131n\u0131n ilk geni\u015f kat\u0131l\u0131ml\u0131 toplant\u0131s\u0131nda, idare ve personel &#8220;daha kaliteli hizmet&#8221; hedefiyle bir araya geldi. Hizmet s\u00fcre\u00e7lerini geli\u015ftirmek ve kurum i\u00e7i koordinasyonu en \u00fcst seviyeye ta\u015f\u0131mak amac\u0131yla d\u00fczenlenen toplant\u0131, hastanede g\u00f6rev yapan t\u00fcm&#8230;<\/p>\n","protected":false},"author":1,"featured_media":84725,"comment_status":"open","ping_status":"open","sticky":false,"template":"","format":"standard","meta":{"_crdt_document":"","footnotes":""},"categories":[2],"tags":[],"class_list":["post-84724","post","type-post","status-publish","format-standard","has-post-thumbnail","hentry","category-saglik"],"_links":{"self":[{"href":"https:\/\/www.egemtv.com\/index.php?rest_route=\/wp\/v2\/posts\/84724","targetHints":{"allow":["GET"]}}],"collection":[{"href":"https:\/\/www.egemtv.com\/index.php?rest_route=\/wp\/v2\/posts"}],"about":[{"href":"https:\/\/www.egemtv.com\/index.php?rest_route=\/wp\/v2\/types\/post"}],"author":[{"embeddable":true,"href":"https:\/\/www.egemtv.com\/index.php?rest_route=\/wp\/v2\/users\/1"}],"replies":[{"embeddable":true,"href":"https:\/\/www.egemtv.com\/index.php?rest_route=%2Fwp%2Fv2%2Fcomments&post=84724"}],"version-history":[{"count":1,"href":"https:\/\/www.egemtv.com\/index.php?rest_route=\/wp\/v2\/posts\/84724\/revisions"}],"predecessor-version":[{"id":84726,"href":"https:\/\/www.egemtv.com\/index.php?rest_route=\/wp\/v2\/posts\/84724\/revisions\/84726"}],"wp:featuredmedia":[{"embeddable":true,"href":"https:\/\/www.egemtv.com\/index.php?rest_route=\/wp\/v2\/media\/84725"}],"wp:attachment":[{"href":"https:\/\/www.egemtv.com\/index.php?rest_route=%2Fwp%2Fv2%2Fmedia&parent=84724"}],"wp:term":[{"taxonomy":"category","embeddable":true,"href":"https:\/\/www.egemtv.com\/index.php?rest_route=%2Fwp%2Fv2%2Fcategories&post=84724"},{"taxonomy":"post_tag","embeddable":true,"href":"https:\/\/www.egemtv.com\/index.php?rest_route=%2Fwp%2Fv2%2Ftags&post=84724"}],"curies":[{"name":"wp","href":"https:\/\/api.w.org\/{rel}","templated":true}]}}