{"id":84688,"date":"2026-02-02T10:54:44","date_gmt":"2026-02-02T07:54:44","guid":{"rendered":"https:\/\/www.egemtv.com\/?p=84688"},"modified":"2026-02-02T10:54:45","modified_gmt":"2026-02-02T07:54:45","slug":"izmirde-cinayet-firarisine-operasyon-28-yilla-araniyordu","status":"publish","type":"post","link":"https:\/\/www.egemtv.com\/?p=84688","title":{"rendered":"\u0130zmir\u2019de cinayet firarisine operasyon: 28 y\u0131lla aran\u0131yordu"},"content":{"rendered":"<p>\u0130zmir\u2019in Kar\u015f\u0131yaka il\u00e7esinde, kasten \u00f6ld\u00fcrme su\u00e7undan hakk\u0131nda 28 y\u0131l 4 ay kesinle\u015fmi\u015f hapis cezas\u0131 bulunan firari h\u00fck\u00fcml\u00fc, polisin d\u00fczenledi\u011fi operasyonla yakaland\u0131.<br \/>\n<br \/>Kar\u015f\u0131yaka \u0130l\u00e7e Emniyet M\u00fcd\u00fcrl\u00fc\u011f\u00fc ekipleri, aranan \u015fah\u0131slar\u0131n yakalanmas\u0131na y\u00f6nelik y\u00fcr\u00fctt\u00fc\u011f\u00fc \u00e7al\u0131\u015fmalar kapsam\u0131nda titiz bir takip ger\u00e7ekle\u015ftirdi. \u2019Kasten \u00d6ld\u00fcrme\u2019 su\u00e7undan hakk\u0131nda 28 y\u0131l 4 ay hapis cezas\u0131 bulunan ve bir y\u0131ld\u0131r firari olarak aranan M.S. (37) isimli \u015fahs\u0131n sakland\u0131\u011f\u0131 adres tespit edildi. D\u00fcn Kar\u015f\u0131yaka il\u00e7esi Cumhuriyet Mahallesi\u2019nde belirlenen adrese operasyon d\u00fczenleyen ekipler, M.S.\u2019yi k\u0131sk\u0131vrak yakalayarak g\u00f6zalt\u0131na ald\u0131.<br \/>\n<br \/>Emniyetteki i\u015flemlerinin ard\u0131ndan adli makamlara sevk edilen h\u00fck\u00fcml\u00fc, tutuklanarak cezaevine g\u00f6nderildi.<br \/><\/p>\n","protected":false},"excerpt":{"rendered":"<p>\u0130zmir\u2019in Kar\u015f\u0131yaka il\u00e7esinde, kasten \u00f6ld\u00fcrme su\u00e7undan hakk\u0131nda 28 y\u0131l 4 ay kesinle\u015fmi\u015f hapis cezas\u0131 bulunan firari h\u00fck\u00fcml\u00fc, polisin d\u00fczenledi\u011fi operasyonla yakaland\u0131. Kar\u015f\u0131yaka \u0130l\u00e7e Emniyet M\u00fcd\u00fcrl\u00fc\u011f\u00fc ekipleri, aranan \u015fah\u0131slar\u0131n yakalanmas\u0131na y\u00f6nelik y\u00fcr\u00fctt\u00fc\u011f\u00fc \u00e7al\u0131\u015fmalar kapsam\u0131nda titiz bir takip ger\u00e7ekle\u015ftirdi. \u2019Kasten \u00d6ld\u00fcrme\u2019 su\u00e7undan hakk\u0131nda 28 y\u0131l 4 ay hapis cezas\u0131 bulunan ve bir y\u0131ld\u0131r firari olarak aranan M.S&#8230;.<\/p>\n","protected":false},"author":1,"featured_media":84689,"comment_status":"open","ping_status":"open","sticky":false,"template":"","format":"standard","meta":{"_crdt_document":"","footnotes":""},"categories":[5],"tags":[],"class_list":["post-84688","post","type-post","status-publish","format-standard","has-post-thumbnail","hentry","category-asayis"],"_links":{"self":[{"href":"https:\/\/www.egemtv.com\/index.php?rest_route=\/wp\/v2\/posts\/84688","targetHints":{"allow":["GET"]}}],"collection":[{"href":"https:\/\/www.egemtv.com\/index.php?rest_route=\/wp\/v2\/posts"}],"about":[{"href":"https:\/\/www.egemtv.com\/index.php?rest_route=\/wp\/v2\/types\/post"}],"author":[{"embeddable":true,"href":"https:\/\/www.egemtv.com\/index.php?rest_route=\/wp\/v2\/users\/1"}],"replies":[{"embeddable":true,"href":"https:\/\/www.egemtv.com\/index.php?rest_route=%2Fwp%2Fv2%2Fcomments&post=84688"}],"version-history":[{"count":1,"href":"https:\/\/www.egemtv.com\/index.php?rest_route=\/wp\/v2\/posts\/84688\/revisions"}],"predecessor-version":[{"id":84690,"href":"https:\/\/www.egemtv.com\/index.php?rest_route=\/wp\/v2\/posts\/84688\/revisions\/84690"}],"wp:featuredmedia":[{"embeddable":true,"href":"https:\/\/www.egemtv.com\/index.php?rest_route=\/wp\/v2\/media\/84689"}],"wp:attachment":[{"href":"https:\/\/www.egemtv.com\/index.php?rest_route=%2Fwp%2Fv2%2Fmedia&parent=84688"}],"wp:term":[{"taxonomy":"category","embeddable":true,"href":"https:\/\/www.egemtv.com\/index.php?rest_route=%2Fwp%2Fv2%2Fcategories&post=84688"},{"taxonomy":"post_tag","embeddable":true,"href":"https:\/\/www.egemtv.com\/index.php?rest_route=%2Fwp%2Fv2%2Ftags&post=84688"}],"curies":[{"name":"wp","href":"https:\/\/api.w.org\/{rel}","templated":true}]}}