{"id":84685,"date":"2026-02-02T10:54:41","date_gmt":"2026-02-02T07:54:41","guid":{"rendered":"https:\/\/www.egemtv.com\/?p=84685"},"modified":"2026-02-02T10:54:44","modified_gmt":"2026-02-02T07:54:44","slug":"aydinda-cember-110-operasyonu-49-kisi-yakalandi","status":"publish","type":"post","link":"https:\/\/www.egemtv.com\/?p=84685","title":{"rendered":"Ayd\u0131n\u2019da \u2019\u00c7ember 110\u2019 operasyonu: 49 ki\u015fi yakaland\u0131"},"content":{"rendered":"<p>Ayd\u0131n genelinde jandarma ekiplerince ger\u00e7ekle\u015ftirilen \u2019\u00c7ember-110\u2019 operasyonu kapsam\u0131nda \u00e7e\u015fitli su\u00e7lardan aranan 49 ki\u015fi yakaland\u0131.<\/p>\n<p>Ayd\u0131n \u0130l Jandarma Komutanl\u0131\u011f\u0131 taraf\u0131ndan aranan \u015fah\u0131slar\u0131n yakalanmas\u0131na y\u00f6nelik e\u015f zamanl\u0131 yap\u0131lan \u2019\u00c7ember-110\u2019 operasyonu ger\u00e7ekle\u015ftirildi. 80 tim ve 243 personelin kat\u0131l\u0131m\u0131yla ger\u00e7ekle\u015ftirilen operasyonda 9 uyu\u015fturucu, 5 h\u0131rs\u0131zl\u0131k, 3 yaralama, 3 doland\u0131r\u0131c\u0131l\u0131k, 8 di\u011fer su\u00e7lar ve 21 ifadeye y\u00f6nelik aranma kayd\u0131 bulunan \u015fah\u0131slar olmak \u00fczere toplamda 49 aranan \u015fah\u0131s yakaland\u0131. Ayr\u0131ca yakalanan \u015fah\u0131slardan 17\u2019sinin 0-2 y\u0131l, 7\u2019sinin 2-5 y\u0131l, 4\u2019\u00fcn\u00fcn 5-10 y\u0131l aras\u0131 kesinle\u015fmi\u015f hapis cezas\u0131 bulundu\u011fu tespit edildi.<\/p>\n<p>G\u00f6zalt\u0131na al\u0131nan \u015f\u00fcpheliler hakk\u0131nda adli i\u015flem ba\u015flat\u0131ld\u0131.<br \/><\/p>\n","protected":false},"excerpt":{"rendered":"<p>Ayd\u0131n genelinde jandarma ekiplerince ger\u00e7ekle\u015ftirilen \u2019\u00c7ember-110\u2019 operasyonu kapsam\u0131nda \u00e7e\u015fitli su\u00e7lardan aranan 49 ki\u015fi yakaland\u0131. Ayd\u0131n \u0130l Jandarma Komutanl\u0131\u011f\u0131 taraf\u0131ndan aranan \u015fah\u0131slar\u0131n yakalanmas\u0131na y\u00f6nelik e\u015f zamanl\u0131 yap\u0131lan \u2019\u00c7ember-110\u2019 operasyonu ger\u00e7ekle\u015ftirildi. 80 tim ve 243 personelin kat\u0131l\u0131m\u0131yla ger\u00e7ekle\u015ftirilen operasyonda 9 uyu\u015fturucu, 5 h\u0131rs\u0131zl\u0131k, 3 yaralama, 3 doland\u0131r\u0131c\u0131l\u0131k, 8 di\u011fer su\u00e7lar ve 21 ifadeye y\u00f6nelik aranma kayd\u0131 bulunan&#8230;<\/p>\n","protected":false},"author":1,"featured_media":84686,"comment_status":"open","ping_status":"open","sticky":false,"template":"","format":"standard","meta":{"_crdt_document":"","footnotes":""},"categories":[5],"tags":[],"class_list":["post-84685","post","type-post","status-publish","format-standard","has-post-thumbnail","hentry","category-asayis"],"_links":{"self":[{"href":"https:\/\/www.egemtv.com\/index.php?rest_route=\/wp\/v2\/posts\/84685","targetHints":{"allow":["GET"]}}],"collection":[{"href":"https:\/\/www.egemtv.com\/index.php?rest_route=\/wp\/v2\/posts"}],"about":[{"href":"https:\/\/www.egemtv.com\/index.php?rest_route=\/wp\/v2\/types\/post"}],"author":[{"embeddable":true,"href":"https:\/\/www.egemtv.com\/index.php?rest_route=\/wp\/v2\/users\/1"}],"replies":[{"embeddable":true,"href":"https:\/\/www.egemtv.com\/index.php?rest_route=%2Fwp%2Fv2%2Fcomments&post=84685"}],"version-history":[{"count":1,"href":"https:\/\/www.egemtv.com\/index.php?rest_route=\/wp\/v2\/posts\/84685\/revisions"}],"predecessor-version":[{"id":84687,"href":"https:\/\/www.egemtv.com\/index.php?rest_route=\/wp\/v2\/posts\/84685\/revisions\/84687"}],"wp:featuredmedia":[{"embeddable":true,"href":"https:\/\/www.egemtv.com\/index.php?rest_route=\/wp\/v2\/media\/84686"}],"wp:attachment":[{"href":"https:\/\/www.egemtv.com\/index.php?rest_route=%2Fwp%2Fv2%2Fmedia&parent=84685"}],"wp:term":[{"taxonomy":"category","embeddable":true,"href":"https:\/\/www.egemtv.com\/index.php?rest_route=%2Fwp%2Fv2%2Fcategories&post=84685"},{"taxonomy":"post_tag","embeddable":true,"href":"https:\/\/www.egemtv.com\/index.php?rest_route=%2Fwp%2Fv2%2Ftags&post=84685"}],"curies":[{"name":"wp","href":"https:\/\/api.w.org\/{rel}","templated":true}]}}