{"id":84679,"date":"2026-02-02T10:54:38","date_gmt":"2026-02-02T07:54:38","guid":{"rendered":"https:\/\/www.egemtv.com\/?p=84679"},"modified":"2026-02-02T10:54:40","modified_gmt":"2026-02-02T07:54:40","slug":"baskan-tatik-berat-kandili-gonullerimizi-birlestirsin","status":"publish","type":"post","link":"https:\/\/www.egemtv.com\/?p=84679","title":{"rendered":"Ba\u015fkan Tat\u0131k: &#8220;Berat Kandili g\u00f6n\u00fcllerimizi birle\u015ftirsin&#8221;"},"content":{"rendered":"<p>Tavas Belediye Ba\u015fkan\u0131 Kadir Tat\u0131k, Berat Kandili dolay\u0131s\u0131yla yay\u0131mlad\u0131\u011f\u0131 mesaj\u0131nda aff\u0131n, huzurun ve karde\u015flik duygusunun g\u00fc\u00e7lenmesi temennisinde bulundu.<br \/>\n<br \/>Tavas Belediye Ba\u015fkan\u0131 Kadir Tat\u0131k, Berat Kandili m\u00fcnasebetiyle bir kutlama mesaj\u0131 yay\u0131mlayarak hem\u015fehrilerinin ve t\u00fcm \u0130slam \u00e2leminin m\u00fcbarek gecesini tebrik etti. Ba\u015fkan Tat\u0131k mesaj\u0131nda, Berat Kandili\u2019nin manevi ar\u0131nma ve ba\u011f\u0131\u015flanma a\u00e7\u0131s\u0131ndan ta\u015f\u0131d\u0131\u011f\u0131 \u00f6neme vurgu yaparak bu gecenin toplumda sevgi, ho\u015fg\u00f6r\u00fc ve dayan\u0131\u015fmay\u0131 art\u0131rmas\u0131n\u0131 diledi.<br \/>\n<br \/>Tat\u0131k, mesaj\u0131nda, &#8220;Aff\u0131n, ar\u0131nman\u0131n ve umutlar\u0131n yeniden ye\u015ferdi\u011fi bu anlaml\u0131 gecede kalplerimize huzur, toplumumuzda var olan birlik ve beraberlik duygusunu daha da g\u00fc\u00e7lendirmesini diliyorum. Dualar\u0131n kabul\u00fcne, k\u0131rg\u0131nl\u0131klar\u0131n sona ermesine, sevgi ve ho\u015fg\u00f6r\u00fcn\u00fcn peki\u015fmesine vesile olmas\u0131n\u0131 temenni ediyorum. Rabbimden niyaz\u0131m odur ki; \u015fehrimize huzur, sofralar\u0131m\u0131za bereket, g\u00f6n\u00fcllerimize ferahl\u0131k getirsin; \u00fclkemizi ve milletimizi her t\u00fcrl\u00fc s\u0131k\u0131nt\u0131dan muhafaza eylesin. T\u00fcm hem\u015fehrilerimizin ve \u0130slam \u00e2leminin Berat Kandili m\u00fcbarek olsun&#8221; ifadelerini kulland\u0131.<br \/><\/p>\n","protected":false},"excerpt":{"rendered":"<p>Tavas Belediye Ba\u015fkan\u0131 Kadir Tat\u0131k, Berat Kandili dolay\u0131s\u0131yla yay\u0131mlad\u0131\u011f\u0131 mesaj\u0131nda aff\u0131n, huzurun ve karde\u015flik duygusunun g\u00fc\u00e7lenmesi temennisinde bulundu. Tavas Belediye Ba\u015fkan\u0131 Kadir Tat\u0131k, Berat Kandili m\u00fcnasebetiyle bir kutlama mesaj\u0131 yay\u0131mlayarak hem\u015fehrilerinin ve t\u00fcm \u0130slam \u00e2leminin m\u00fcbarek gecesini tebrik etti. Ba\u015fkan Tat\u0131k mesaj\u0131nda, Berat Kandili\u2019nin manevi ar\u0131nma ve ba\u011f\u0131\u015flanma a\u00e7\u0131s\u0131ndan ta\u015f\u0131d\u0131\u011f\u0131 \u00f6neme vurgu yaparak bu gecenin&#8230;<\/p>\n","protected":false},"author":1,"featured_media":84680,"comment_status":"open","ping_status":"open","sticky":false,"template":"","format":"standard","meta":{"_crdt_document":"","footnotes":""},"categories":[1],"tags":[],"class_list":["post-84679","post","type-post","status-publish","format-standard","has-post-thumbnail","hentry","category-guncel"],"_links":{"self":[{"href":"https:\/\/www.egemtv.com\/index.php?rest_route=\/wp\/v2\/posts\/84679","targetHints":{"allow":["GET"]}}],"collection":[{"href":"https:\/\/www.egemtv.com\/index.php?rest_route=\/wp\/v2\/posts"}],"about":[{"href":"https:\/\/www.egemtv.com\/index.php?rest_route=\/wp\/v2\/types\/post"}],"author":[{"embeddable":true,"href":"https:\/\/www.egemtv.com\/index.php?rest_route=\/wp\/v2\/users\/1"}],"replies":[{"embeddable":true,"href":"https:\/\/www.egemtv.com\/index.php?rest_route=%2Fwp%2Fv2%2Fcomments&post=84679"}],"version-history":[{"count":1,"href":"https:\/\/www.egemtv.com\/index.php?rest_route=\/wp\/v2\/posts\/84679\/revisions"}],"predecessor-version":[{"id":84681,"href":"https:\/\/www.egemtv.com\/index.php?rest_route=\/wp\/v2\/posts\/84679\/revisions\/84681"}],"wp:featuredmedia":[{"embeddable":true,"href":"https:\/\/www.egemtv.com\/index.php?rest_route=\/wp\/v2\/media\/84680"}],"wp:attachment":[{"href":"https:\/\/www.egemtv.com\/index.php?rest_route=%2Fwp%2Fv2%2Fmedia&parent=84679"}],"wp:term":[{"taxonomy":"category","embeddable":true,"href":"https:\/\/www.egemtv.com\/index.php?rest_route=%2Fwp%2Fv2%2Fcategories&post=84679"},{"taxonomy":"post_tag","embeddable":true,"href":"https:\/\/www.egemtv.com\/index.php?rest_route=%2Fwp%2Fv2%2Ftags&post=84679"}],"curies":[{"name":"wp","href":"https:\/\/api.w.org\/{rel}","templated":true}]}}