{"id":84676,"date":"2026-02-02T10:54:37","date_gmt":"2026-02-02T07:54:37","guid":{"rendered":"https:\/\/www.egemtv.com\/?p=84676"},"modified":"2026-02-02T10:54:38","modified_gmt":"2026-02-02T07:54:38","slug":"cameli-belediyespor-super-amator-icin-play-offa-kaldi","status":"publish","type":"post","link":"https:\/\/www.egemtv.com\/?p=84676","title":{"rendered":"\u00c7ameli Belediyespor S\u00fcper Amat\u00f6r i\u00e7in Play-Off\u2019a kald\u0131"},"content":{"rendered":"<p>Kale Belediyespor ile 1-1 berabere kalan \u00c7ameli Belediyespor, S\u00fcper Amat\u00f6r Lig yolunda play-off oynama hakk\u0131 kazand\u0131.<br \/>\n<br \/>Denizli 1. Amat\u00f6r Lig\u2019de m\u00fccadele eden \u00c7ameli Belediyespor, Kale Belediyespor ile deplasmanda oynad\u0131\u011f\u0131 kritik kar\u015f\u0131la\u015fmadan 1-1 beraberlikle ayr\u0131larak \u00f6nemli bir ba\u015far\u0131 elde etti. Al\u0131nan bu sonu\u00e7la \u00c7ameli temsilcisi, S\u00fcper Amat\u00f6r Lig\u2019e y\u00fckselmek i\u00e7in play-off oynamaya hak kazand\u0131 Tamam\u0131 \u00c7ameli do\u011fumlu futbolculardan olu\u015fan kadrosuyla sahaya \u00e7\u0131kan \u00c7ameli Belediyespor, sergiledi\u011fi m\u00fccadeleci futbol ve g\u00fc\u00e7l\u00fc tak\u0131m ruhuyla takdir toplad\u0131. Zorlu rakibi kar\u015f\u0131s\u0131nda b\u00fcy\u00fck bir \u00f6zveri g\u00f6steren ekip, hedefi olan S\u00fcper Amat\u00f6r Lig\u2019e bir ad\u0131m daha yakla\u015fm\u0131\u015f oldu.<br \/>\n<br \/>Kar\u015f\u0131la\u015fman\u0131n ard\u0131ndan \u00c7ameli\u2019de b\u00fcy\u00fck sevin\u00e7 ya\u015fan\u0131rken, kul\u00fcp y\u00f6netimi, taraftarlar ve sporseverler gen\u00e7 futbolcular\u0131n ba\u015far\u0131s\u0131n\u0131 gururla kar\u015f\u0131lad\u0131. \u00c7ameli Belediyespor, play-off m\u00fcsabakalar\u0131nda da ayn\u0131 azim ve kararl\u0131l\u0131kla sahaya \u00e7\u0131karak S\u00fcper Amat\u00f6r Lig bileti almak i\u00e7in m\u00fccadelesini s\u00fcrd\u00fcrecek.<br \/><\/p>\n","protected":false},"excerpt":{"rendered":"<p>Kale Belediyespor ile 1-1 berabere kalan \u00c7ameli Belediyespor, S\u00fcper Amat\u00f6r Lig yolunda play-off oynama hakk\u0131 kazand\u0131. Denizli 1. Amat\u00f6r Lig\u2019de m\u00fccadele eden \u00c7ameli Belediyespor, Kale Belediyespor ile deplasmanda oynad\u0131\u011f\u0131 kritik kar\u015f\u0131la\u015fmadan 1-1 beraberlikle ayr\u0131larak \u00f6nemli bir ba\u015far\u0131 elde etti. Al\u0131nan bu sonu\u00e7la \u00c7ameli temsilcisi, S\u00fcper Amat\u00f6r Lig\u2019e y\u00fckselmek i\u00e7in play-off oynamaya hak kazand\u0131 Tamam\u0131 \u00c7ameli&#8230;<\/p>\n","protected":false},"author":1,"featured_media":84677,"comment_status":"open","ping_status":"open","sticky":false,"template":"","format":"standard","meta":{"_crdt_document":"","footnotes":""},"categories":[4],"tags":[],"class_list":["post-84676","post","type-post","status-publish","format-standard","has-post-thumbnail","hentry","category-spor"],"_links":{"self":[{"href":"https:\/\/www.egemtv.com\/index.php?rest_route=\/wp\/v2\/posts\/84676","targetHints":{"allow":["GET"]}}],"collection":[{"href":"https:\/\/www.egemtv.com\/index.php?rest_route=\/wp\/v2\/posts"}],"about":[{"href":"https:\/\/www.egemtv.com\/index.php?rest_route=\/wp\/v2\/types\/post"}],"author":[{"embeddable":true,"href":"https:\/\/www.egemtv.com\/index.php?rest_route=\/wp\/v2\/users\/1"}],"replies":[{"embeddable":true,"href":"https:\/\/www.egemtv.com\/index.php?rest_route=%2Fwp%2Fv2%2Fcomments&post=84676"}],"version-history":[{"count":1,"href":"https:\/\/www.egemtv.com\/index.php?rest_route=\/wp\/v2\/posts\/84676\/revisions"}],"predecessor-version":[{"id":84678,"href":"https:\/\/www.egemtv.com\/index.php?rest_route=\/wp\/v2\/posts\/84676\/revisions\/84678"}],"wp:featuredmedia":[{"embeddable":true,"href":"https:\/\/www.egemtv.com\/index.php?rest_route=\/wp\/v2\/media\/84677"}],"wp:attachment":[{"href":"https:\/\/www.egemtv.com\/index.php?rest_route=%2Fwp%2Fv2%2Fmedia&parent=84676"}],"wp:term":[{"taxonomy":"category","embeddable":true,"href":"https:\/\/www.egemtv.com\/index.php?rest_route=%2Fwp%2Fv2%2Fcategories&post=84676"},{"taxonomy":"post_tag","embeddable":true,"href":"https:\/\/www.egemtv.com\/index.php?rest_route=%2Fwp%2Fv2%2Ftags&post=84676"}],"curies":[{"name":"wp","href":"https:\/\/api.w.org\/{rel}","templated":true}]}}