{"id":84673,"date":"2026-02-02T10:34:59","date_gmt":"2026-02-02T07:34:59","guid":{"rendered":"https:\/\/www.egemtv.com\/?p=84673"},"modified":"2026-02-02T10:35:00","modified_gmt":"2026-02-02T07:35:00","slug":"karacasuda-trafik-kazasi-sikisan-surucuyu-itfaiye-ekipleri-kurtardi","status":"publish","type":"post","link":"https:\/\/www.egemtv.com\/?p=84673","title":{"rendered":"Karacasu\u2019da trafik kazas\u0131: &#8220;S\u0131k\u0131\u015fan s\u00fcr\u00fcc\u00fcy\u00fc itfaiye ekipleri kurtard\u0131&#8221;"},"content":{"rendered":"<p>Ayd\u0131n\u2019\u0131n Karacasu il\u00e7esinde meydana gelen trafik kazas\u0131nda ara\u00e7 i\u00e7erisinde s\u0131k\u0131\u015fan s\u00fcr\u00fcc\u00fcy\u00fc itfaiye ekipleri kurtard\u0131.<\/p>\n<p>Kaza, Derek\u00f6y mevkiinde gece saatlerinde meydana geldi. Edinilen bilgiye g\u00f6re, 09 ATB 132 plakal\u0131 otomobil s\u00fcr\u00fcc\u00fcs\u00fcn\u00fcn direksiyon hakimiyetini kaybetmesi \u00fczerine yoldan \u00e7\u0131karak \u015farampole girdi. Otomobilin s\u00fcr\u00fcc\u00fcs\u00fc ara\u00e7 i\u00e7erisinde s\u0131k\u0131\u015ft\u0131. \u0130hbar \u00fczerine b\u00f6lgeye gelen Ayd\u0131n B\u00fcy\u00fck\u015fehir Belediyesi \u0130tfaiye ekipleri yaral\u0131 s\u00fcr\u00fcc\u00fcy\u00fc s\u0131k\u0131\u015ft\u0131\u011f\u0131 yerden kurtararak sa\u011fl\u0131k ekipleri teslim etti. Yaral\u0131 s\u00fcr\u00fcc\u00fcn\u00fcn hastanede tedavisinin devam etti\u011fi \u00f6\u011frenildi.<\/p>\n<p>Kazayla ilgili inceleme s\u00fcr\u00fcyor.<br \/><\/p>\n","protected":false},"excerpt":{"rendered":"<p>Ayd\u0131n\u2019\u0131n Karacasu il\u00e7esinde meydana gelen trafik kazas\u0131nda ara\u00e7 i\u00e7erisinde s\u0131k\u0131\u015fan s\u00fcr\u00fcc\u00fcy\u00fc itfaiye ekipleri kurtard\u0131. Kaza, Derek\u00f6y mevkiinde gece saatlerinde meydana geldi. Edinilen bilgiye g\u00f6re, 09 ATB 132 plakal\u0131 otomobil s\u00fcr\u00fcc\u00fcs\u00fcn\u00fcn direksiyon hakimiyetini kaybetmesi \u00fczerine yoldan \u00e7\u0131karak \u015farampole girdi. Otomobilin s\u00fcr\u00fcc\u00fcs\u00fc ara\u00e7 i\u00e7erisinde s\u0131k\u0131\u015ft\u0131. \u0130hbar \u00fczerine b\u00f6lgeye gelen Ayd\u0131n B\u00fcy\u00fck\u015fehir Belediyesi \u0130tfaiye ekipleri yaral\u0131 s\u00fcr\u00fcc\u00fcy\u00fc s\u0131k\u0131\u015ft\u0131\u011f\u0131&#8230;<\/p>\n","protected":false},"author":1,"featured_media":84674,"comment_status":"open","ping_status":"open","sticky":false,"template":"","format":"standard","meta":{"_crdt_document":"","footnotes":""},"categories":[1],"tags":[],"class_list":["post-84673","post","type-post","status-publish","format-standard","has-post-thumbnail","hentry","category-guncel"],"_links":{"self":[{"href":"https:\/\/www.egemtv.com\/index.php?rest_route=\/wp\/v2\/posts\/84673","targetHints":{"allow":["GET"]}}],"collection":[{"href":"https:\/\/www.egemtv.com\/index.php?rest_route=\/wp\/v2\/posts"}],"about":[{"href":"https:\/\/www.egemtv.com\/index.php?rest_route=\/wp\/v2\/types\/post"}],"author":[{"embeddable":true,"href":"https:\/\/www.egemtv.com\/index.php?rest_route=\/wp\/v2\/users\/1"}],"replies":[{"embeddable":true,"href":"https:\/\/www.egemtv.com\/index.php?rest_route=%2Fwp%2Fv2%2Fcomments&post=84673"}],"version-history":[{"count":1,"href":"https:\/\/www.egemtv.com\/index.php?rest_route=\/wp\/v2\/posts\/84673\/revisions"}],"predecessor-version":[{"id":84675,"href":"https:\/\/www.egemtv.com\/index.php?rest_route=\/wp\/v2\/posts\/84673\/revisions\/84675"}],"wp:featuredmedia":[{"embeddable":true,"href":"https:\/\/www.egemtv.com\/index.php?rest_route=\/wp\/v2\/media\/84674"}],"wp:attachment":[{"href":"https:\/\/www.egemtv.com\/index.php?rest_route=%2Fwp%2Fv2%2Fmedia&parent=84673"}],"wp:term":[{"taxonomy":"category","embeddable":true,"href":"https:\/\/www.egemtv.com\/index.php?rest_route=%2Fwp%2Fv2%2Fcategories&post=84673"},{"taxonomy":"post_tag","embeddable":true,"href":"https:\/\/www.egemtv.com\/index.php?rest_route=%2Fwp%2Fv2%2Ftags&post=84673"}],"curies":[{"name":"wp","href":"https:\/\/api.w.org\/{rel}","templated":true}]}}