{"id":84670,"date":"2026-02-02T10:34:58","date_gmt":"2026-02-02T07:34:58","guid":{"rendered":"https:\/\/www.egemtv.com\/?p=84670"},"modified":"2026-02-02T10:34:59","modified_gmt":"2026-02-02T07:34:59","slug":"ilkokuldan-universiteye-taekwondo-egitimi","status":"publish","type":"post","link":"https:\/\/www.egemtv.com\/?p=84670","title":{"rendered":"\u0130lkokuldan \u00fcniversiteye taekwondo e\u011fitimi"},"content":{"rendered":"<p>K\u00fctahya\u2019n\u0131n Pazarlar il\u00e7esinde sporun tabana yay\u0131lmas\u0131 ve gen\u00e7lerin farkl\u0131 bran\u015flarla bulu\u015fturulmas\u0131 amac\u0131yla y\u00fcr\u00fct\u00fclen taekwondo \u00e7al\u0131\u015fmalar\u0131 kapsam\u0131n\u0131 geni\u015fletiyor.<br \/>\n<br \/>Pazarlar Spor Lisesi \u00f6nc\u00fcl\u00fc\u011f\u00fcnde hayata ge\u00e7irilen proje kapsam\u0131nda, ilkokuldan liseye kadar s\u00fcrd\u00fcr\u00fclen taekwondo e\u011fitimlerine \u00fcniversite \u00f6\u011frencileri de dahil edildi.<br \/>\n<br \/>Deneyimli taekwondo antren\u00f6rleri Faysal Mete \u00d6zt\u00fcrk ve  Mustafa Ergen rehberli\u011finde y\u00fcr\u00fct\u00fclen e\u011fitimler, her ya\u015f grubundan yo\u011fun ilgi g\u00f6r\u00fcyor. Yap\u0131lan protokol \u00e7er\u00e7evesinde \u015eaphane Meslek Y\u00fcksekokulu \u00f6\u011frencilerinin de \u00e7al\u0131\u015fmalara kat\u0131lmas\u0131yla birlikte Pazarlar, b\u00f6lgenin \u00f6nemli spor merkezlerinden biri olma yolunda ilerliyor.<br \/>\n<br \/>Pazarlar Spor Lisesi M\u00fcd\u00fcr\u00fc ve Kul\u00fcp Ba\u015fkan\u0131 Muammer G\u00f6kalp, yeni tescil edilen taekwondo bran\u015f\u0131n\u0131n \u00f6nemine dikkat \u00e7ekerek, &#8220;Lise \u00f6\u011frencilerimizle ba\u015flatt\u0131\u011f\u0131m\u0131z taekwondo heyecan\u0131n\u0131 ilkokul ve ortaokul seviyesine, hatta Meslek Y\u00fcksekokulu \u00f6\u011frencilerimize kadar yaymay\u0131 hedefliyoruz. Sporun disiplinini ve kazan\u0131mlar\u0131n\u0131 her ya\u015f grubuna a\u015f\u0131lamak istiyoruz&#8221; dedi.<br \/>\n<br \/>Projeyle birlikte Pazarlar il\u00e7esinde spor k\u00fclt\u00fcr\u00fcn\u00fcn g\u00fc\u00e7lendirilmesi ve gen\u00e7lerin erken ya\u015fta sporla tan\u0131\u015farak sa\u011fl\u0131kl\u0131 bireyler olarak yeti\u015fmesi ama\u00e7lan\u0131yor.<br \/><\/p>\n","protected":false},"excerpt":{"rendered":"<p>K\u00fctahya\u2019n\u0131n Pazarlar il\u00e7esinde sporun tabana yay\u0131lmas\u0131 ve gen\u00e7lerin farkl\u0131 bran\u015flarla bulu\u015fturulmas\u0131 amac\u0131yla y\u00fcr\u00fct\u00fclen taekwondo \u00e7al\u0131\u015fmalar\u0131 kapsam\u0131n\u0131 geni\u015fletiyor. Pazarlar Spor Lisesi \u00f6nc\u00fcl\u00fc\u011f\u00fcnde hayata ge\u00e7irilen proje kapsam\u0131nda, ilkokuldan liseye kadar s\u00fcrd\u00fcr\u00fclen taekwondo e\u011fitimlerine \u00fcniversite \u00f6\u011frencileri de dahil edildi. Deneyimli taekwondo antren\u00f6rleri Faysal Mete \u00d6zt\u00fcrk ve Mustafa Ergen rehberli\u011finde y\u00fcr\u00fct\u00fclen e\u011fitimler, her ya\u015f grubundan yo\u011fun ilgi g\u00f6r\u00fcyor. Yap\u0131lan&#8230;<\/p>\n","protected":false},"author":1,"featured_media":84671,"comment_status":"open","ping_status":"open","sticky":false,"template":"","format":"standard","meta":{"_crdt_document":"","footnotes":""},"categories":[4],"tags":[],"class_list":["post-84670","post","type-post","status-publish","format-standard","has-post-thumbnail","hentry","category-spor"],"_links":{"self":[{"href":"https:\/\/www.egemtv.com\/index.php?rest_route=\/wp\/v2\/posts\/84670","targetHints":{"allow":["GET"]}}],"collection":[{"href":"https:\/\/www.egemtv.com\/index.php?rest_route=\/wp\/v2\/posts"}],"about":[{"href":"https:\/\/www.egemtv.com\/index.php?rest_route=\/wp\/v2\/types\/post"}],"author":[{"embeddable":true,"href":"https:\/\/www.egemtv.com\/index.php?rest_route=\/wp\/v2\/users\/1"}],"replies":[{"embeddable":true,"href":"https:\/\/www.egemtv.com\/index.php?rest_route=%2Fwp%2Fv2%2Fcomments&post=84670"}],"version-history":[{"count":1,"href":"https:\/\/www.egemtv.com\/index.php?rest_route=\/wp\/v2\/posts\/84670\/revisions"}],"predecessor-version":[{"id":84672,"href":"https:\/\/www.egemtv.com\/index.php?rest_route=\/wp\/v2\/posts\/84670\/revisions\/84672"}],"wp:featuredmedia":[{"embeddable":true,"href":"https:\/\/www.egemtv.com\/index.php?rest_route=\/wp\/v2\/media\/84671"}],"wp:attachment":[{"href":"https:\/\/www.egemtv.com\/index.php?rest_route=%2Fwp%2Fv2%2Fmedia&parent=84670"}],"wp:term":[{"taxonomy":"category","embeddable":true,"href":"https:\/\/www.egemtv.com\/index.php?rest_route=%2Fwp%2Fv2%2Fcategories&post=84670"},{"taxonomy":"post_tag","embeddable":true,"href":"https:\/\/www.egemtv.com\/index.php?rest_route=%2Fwp%2Fv2%2Ftags&post=84670"}],"curies":[{"name":"wp","href":"https:\/\/api.w.org\/{rel}","templated":true}]}}