{"id":84667,"date":"2026-02-02T10:34:57","date_gmt":"2026-02-02T07:34:57","guid":{"rendered":"https:\/\/www.egemtv.com\/?p=84667"},"modified":"2026-02-02T10:34:58","modified_gmt":"2026-02-02T07:34:58","slug":"efeler-belediyesinde-evde-bakim-hizmetleri-basliyor","status":"publish","type":"post","link":"https:\/\/www.egemtv.com\/?p=84667","title":{"rendered":"Efeler Belediyesi\u2019nde evde bak\u0131m hizmetleri ba\u015fl\u0131yor"},"content":{"rendered":"<p>Efeler Belediye Ba\u015fkan\u0131 An\u0131l Yeti\u015fkin \u00f6nc\u00fcl\u00fc\u011f\u00fcnde kurulan Efeler Belediyesi Sosyal Yard\u0131m A\u011f\u0131 (EFESYA), evde bak\u0131m hizmeti uygulamas\u0131n\u0131 ba\u015flatt\u0131.<\/p>\n<p>Yeni hizmet kapsam\u0131nda, g\u00fcnl\u00fck ya\u015fam aktivitelerini yerine getirmekte zorlanan ve temel bak\u0131m ihtiya\u00e7lar\u0131n\u0131 kar\u015f\u0131lamakta g\u00fc\u00e7l\u00fck ya\u015fayan vatanda\u015flara evlerinde destek sa\u011flanacak. EFESYA Evde Bak\u0131m Hizmetleri ile sa\u00e7-sakal t\u0131ra\u015f\u0131, ki\u015fisel bak\u0131m ve ev i\u00e7i temel temizlik hizmetlerinin sunulmas\u0131 planlan\u0131yor. Proje, sosyal destekten yoksun kalan bireylerin ya\u015fam\u0131n\u0131 kolayla\u015ft\u0131rmay\u0131 ve insanca ya\u015fam \u015fartlar\u0131n\u0131 g\u00fc\u00e7lendirmeyi hedefliyor. Evde bak\u0131m hizmeti; muhta\u00e7l\u0131k hali nedeniyle hijyen ihtiya\u00e7lar\u0131n\u0131 kar\u015f\u0131layamayan, bak\u0131m\u0131n\u0131 \u00fcstlenecek yak\u0131n\u0131 bulunmayan, y\u00fcr\u00fcme g\u00fc\u00e7l\u00fc\u011f\u00fc ya\u015fayan, demans ve alzheimer gibi hastal\u0131klar nedeniyle i\u015flevsel kay\u0131p ya\u015fayan, a\u011f\u0131r kronik hastal\u0131\u011f\u0131 bulunan, yata\u011fa ba\u011f\u0131ml\u0131 ya da sa\u011fl\u0131k sorunlar\u0131 sebebiyle ihtiya\u00e7 sahibi vatanda\u015flar\u0131 kaps\u0131yor. Hizmetten yararlanmak isteyenler i\u00e7in ba\u015fvurular, ihtiya\u00e7 sahibinin kendisi taraf\u0131ndan yap\u0131labilece\u011fi gibi vasi ya da yak\u0131nlar\u0131 arac\u0131l\u0131\u011f\u0131yla da ger\u00e7ekle\u015ftirilebilecek. Ayr\u0131ca kom\u015fular, muhtarlar gibi \u00fc\u00e7\u00fcnc\u00fc ki\u015filer de ba\u015fvuru s\u00fcrecine dahil olabilecek. Ba\u015fvurular; Efe Masa, Efe-Mobil sistemi, 444 80 09 numaral\u0131 hat ve EFESYA biriminden yap\u0131labilecek.<br \/><\/p>\n","protected":false},"excerpt":{"rendered":"<p>Efeler Belediye Ba\u015fkan\u0131 An\u0131l Yeti\u015fkin \u00f6nc\u00fcl\u00fc\u011f\u00fcnde kurulan Efeler Belediyesi Sosyal Yard\u0131m A\u011f\u0131 (EFESYA), evde bak\u0131m hizmeti uygulamas\u0131n\u0131 ba\u015flatt\u0131. Yeni hizmet kapsam\u0131nda, g\u00fcnl\u00fck ya\u015fam aktivitelerini yerine getirmekte zorlanan ve temel bak\u0131m ihtiya\u00e7lar\u0131n\u0131 kar\u015f\u0131lamakta g\u00fc\u00e7l\u00fck ya\u015fayan vatanda\u015flara evlerinde destek sa\u011flanacak. EFESYA Evde Bak\u0131m Hizmetleri ile sa\u00e7-sakal t\u0131ra\u015f\u0131, ki\u015fisel bak\u0131m ve ev i\u00e7i temel temizlik hizmetlerinin sunulmas\u0131 planlan\u0131yor&#8230;.<\/p>\n","protected":false},"author":1,"featured_media":84668,"comment_status":"open","ping_status":"open","sticky":false,"template":"","format":"standard","meta":{"_crdt_document":"","footnotes":""},"categories":[1],"tags":[],"class_list":["post-84667","post","type-post","status-publish","format-standard","has-post-thumbnail","hentry","category-guncel"],"_links":{"self":[{"href":"https:\/\/www.egemtv.com\/index.php?rest_route=\/wp\/v2\/posts\/84667","targetHints":{"allow":["GET"]}}],"collection":[{"href":"https:\/\/www.egemtv.com\/index.php?rest_route=\/wp\/v2\/posts"}],"about":[{"href":"https:\/\/www.egemtv.com\/index.php?rest_route=\/wp\/v2\/types\/post"}],"author":[{"embeddable":true,"href":"https:\/\/www.egemtv.com\/index.php?rest_route=\/wp\/v2\/users\/1"}],"replies":[{"embeddable":true,"href":"https:\/\/www.egemtv.com\/index.php?rest_route=%2Fwp%2Fv2%2Fcomments&post=84667"}],"version-history":[{"count":1,"href":"https:\/\/www.egemtv.com\/index.php?rest_route=\/wp\/v2\/posts\/84667\/revisions"}],"predecessor-version":[{"id":84669,"href":"https:\/\/www.egemtv.com\/index.php?rest_route=\/wp\/v2\/posts\/84667\/revisions\/84669"}],"wp:featuredmedia":[{"embeddable":true,"href":"https:\/\/www.egemtv.com\/index.php?rest_route=\/wp\/v2\/media\/84668"}],"wp:attachment":[{"href":"https:\/\/www.egemtv.com\/index.php?rest_route=%2Fwp%2Fv2%2Fmedia&parent=84667"}],"wp:term":[{"taxonomy":"category","embeddable":true,"href":"https:\/\/www.egemtv.com\/index.php?rest_route=%2Fwp%2Fv2%2Fcategories&post=84667"},{"taxonomy":"post_tag","embeddable":true,"href":"https:\/\/www.egemtv.com\/index.php?rest_route=%2Fwp%2Fv2%2Ftags&post=84667"}],"curies":[{"name":"wp","href":"https:\/\/api.w.org\/{rel}","templated":true}]}}