{"id":84664,"date":"2026-02-02T10:34:55","date_gmt":"2026-02-02T07:34:55","guid":{"rendered":"https:\/\/www.egemtv.com\/?p=84664"},"modified":"2026-02-02T10:34:57","modified_gmt":"2026-02-02T07:34:57","slug":"muglali-sporcu-akpinar-antalyada-madalyalari-topladi","status":"publish","type":"post","link":"https:\/\/www.egemtv.com\/?p=84664","title":{"rendered":"Mu\u011flal\u0131 sporcu Akp\u0131nar, Antalya\u2019da madalyalar\u0131 toplad\u0131"},"content":{"rendered":"<p>Antalya\u2019da d\u00fczenlenen T\u00fcrkiye \u015eampiyonas\u0131\u2019na kat\u0131lan Mu\u011flal\u0131 sporcu Can Akp\u0131nar, 1 alt\u0131n, 6 g\u00fcm\u00fc\u015f ve 1 bronz madalya kazanarak \u015fampiyonaya damgas\u0131n\u0131 vurdu. 200 Metre Kar\u0131\u015f\u0131k\u2019ta T\u00fcrkiye \u015eampiyonu olan Akp\u0131nar, olimpiyat yolunda emin ad\u0131mlarla ilerliyor.<\/p>\n<p>Antalya, spor d\u00fcnyas\u0131n\u0131n prestijli organizasyonlar\u0131ndan biri olan T\u00fcrkiye \u015eampiyonas\u0131\u2019na ev sahipli\u011fi yapt\u0131. \u015eampiyonaya Mu\u011fla\u2019y\u0131 temsilen kat\u0131lan gen\u00e7 sporcu Can Akp\u0131nar, farkl\u0131 kategorilerde toplamda 8 madalya ile k\u00fcrs\u00fcn\u00fcn m\u00fcdavimi oldu.<\/p>\n<p>Can Akp\u0131nar\u2019\u0131n \u015fampiyonadaki en b\u00fcy\u00fck ba\u015far\u0131s\u0131, en zorlu kategorilerden biri olan 200 Metre Kar\u0131\u015f\u0131k yar\u0131\u015f\u0131nda geldi. Rakiplerini geride b\u0131rakarak T\u00fcrkiye \u015eampiyonu unvan\u0131n\u0131 kazanan sporcu, alt\u0131n madalyay\u0131 boynuna takt\u0131. Akp\u0131nar, bu ba\u015far\u0131s\u0131n\u0131n yan\u0131 s\u0131ra 6 G\u00fcm\u00fc\u015f Madalya, 1 Bronz Madalya kazanarak Mu\u011fla\u2019ya b\u00fcy\u00fck bir gurur ya\u015fatt\u0131.<br \/><\/p>\n","protected":false},"excerpt":{"rendered":"<p>Antalya\u2019da d\u00fczenlenen T\u00fcrkiye \u015eampiyonas\u0131\u2019na kat\u0131lan Mu\u011flal\u0131 sporcu Can Akp\u0131nar, 1 alt\u0131n, 6 g\u00fcm\u00fc\u015f ve 1 bronz madalya kazanarak \u015fampiyonaya damgas\u0131n\u0131 vurdu. 200 Metre Kar\u0131\u015f\u0131k\u2019ta T\u00fcrkiye \u015eampiyonu olan Akp\u0131nar, olimpiyat yolunda emin ad\u0131mlarla ilerliyor. Antalya, spor d\u00fcnyas\u0131n\u0131n prestijli organizasyonlar\u0131ndan biri olan T\u00fcrkiye \u015eampiyonas\u0131\u2019na ev sahipli\u011fi yapt\u0131. \u015eampiyonaya Mu\u011fla\u2019y\u0131 temsilen kat\u0131lan gen\u00e7 sporcu Can Akp\u0131nar, farkl\u0131 kategorilerde&#8230;<\/p>\n","protected":false},"author":1,"featured_media":84665,"comment_status":"open","ping_status":"open","sticky":false,"template":"","format":"standard","meta":{"_crdt_document":"","footnotes":""},"categories":[4],"tags":[],"class_list":["post-84664","post","type-post","status-publish","format-standard","has-post-thumbnail","hentry","category-spor"],"_links":{"self":[{"href":"https:\/\/www.egemtv.com\/index.php?rest_route=\/wp\/v2\/posts\/84664","targetHints":{"allow":["GET"]}}],"collection":[{"href":"https:\/\/www.egemtv.com\/index.php?rest_route=\/wp\/v2\/posts"}],"about":[{"href":"https:\/\/www.egemtv.com\/index.php?rest_route=\/wp\/v2\/types\/post"}],"author":[{"embeddable":true,"href":"https:\/\/www.egemtv.com\/index.php?rest_route=\/wp\/v2\/users\/1"}],"replies":[{"embeddable":true,"href":"https:\/\/www.egemtv.com\/index.php?rest_route=%2Fwp%2Fv2%2Fcomments&post=84664"}],"version-history":[{"count":1,"href":"https:\/\/www.egemtv.com\/index.php?rest_route=\/wp\/v2\/posts\/84664\/revisions"}],"predecessor-version":[{"id":84666,"href":"https:\/\/www.egemtv.com\/index.php?rest_route=\/wp\/v2\/posts\/84664\/revisions\/84666"}],"wp:featuredmedia":[{"embeddable":true,"href":"https:\/\/www.egemtv.com\/index.php?rest_route=\/wp\/v2\/media\/84665"}],"wp:attachment":[{"href":"https:\/\/www.egemtv.com\/index.php?rest_route=%2Fwp%2Fv2%2Fmedia&parent=84664"}],"wp:term":[{"taxonomy":"category","embeddable":true,"href":"https:\/\/www.egemtv.com\/index.php?rest_route=%2Fwp%2Fv2%2Fcategories&post=84664"},{"taxonomy":"post_tag","embeddable":true,"href":"https:\/\/www.egemtv.com\/index.php?rest_route=%2Fwp%2Fv2%2Ftags&post=84664"}],"curies":[{"name":"wp","href":"https:\/\/api.w.org\/{rel}","templated":true}]}}