{"id":84661,"date":"2026-02-02T10:14:42","date_gmt":"2026-02-02T07:14:42","guid":{"rendered":"https:\/\/www.egemtv.com\/?p=84661"},"modified":"2026-02-02T10:14:43","modified_gmt":"2026-02-02T07:14:43","slug":"evden-kacan-papagan-25-yildir-dogada-yasiyor","status":"publish","type":"post","link":"https:\/\/www.egemtv.com\/?p=84661","title":{"rendered":"Evden ka\u00e7an papa\u011fan 2,5 y\u0131ld\u0131r do\u011fada ya\u015f\u0131yor"},"content":{"rendered":"<p>Buldan\u2019da kafesinden ka\u00e7t\u0131\u011f\u0131 tahmin edilen Pakistan papa\u011fan\u0131, yakla\u015f\u0131k iki bu\u00e7uk y\u0131ld\u0131r do\u011fal ortamda ya\u015fam\u0131n\u0131 s\u00fcrd\u00fcr\u00fcyor.<br \/>\n<br \/>Buldan\u2019\u0131n Toprak\u00e7\u0131 mevkiinde ilgin\u00e7 bir do\u011fa olay\u0131 ya\u015fan\u0131yor. Kafesinden ka\u00e7t\u0131\u011f\u0131 tahmin edilen bir Pakistan papa\u011fan\u0131, yakla\u015f\u0131k 2,5 y\u0131ld\u0131r do\u011fada ya\u015fam\u0131n\u0131 s\u00fcrd\u00fcr\u00fcyor. B\u00f6lgedeki vatanda\u015flar ve do\u011fa severler, papa\u011fan\u0131 di\u011fer yabani ku\u015flarla birlikte s\u0131k s\u0131k g\u00f6rd\u00fcklerini ve foto\u011fraflad\u0131klar\u0131n\u0131 belirtiyor.<br \/>\n<br \/>Pakistan papa\u011fan\u0131n\u0131 uzun s\u00fcredir g\u00f6zlemleyen Mehmet Ye\u015filda\u011f ve Mustafa Sar\u0131o\u011flu, &#8220;Kafes ku\u015flar\u0131n\u0131n do\u011fada uzun s\u00fcre ya\u015famalar\u0131 nadir bir durum. Ancak bu di\u015fi papa\u011fan bizim tespitlerimize g\u00f6re yakla\u015f\u0131k iki bu\u00e7uk y\u0131ld\u0131r b\u00f6lgede ya\u015f\u0131yor. Toprak\u00e7\u0131 b\u00f6lgesi, Buldan\u2019\u0131n en temiz, kirlenmemi\u015f ve kimyasal at\u0131k bulunmayan arazilerine sahip. Herhalde papa\u011fan\u0131m\u0131z da b\u00f6yle cennet gibi bir b\u00f6lgeye uyum sa\u011flad\u0131 diye d\u00fc\u015f\u00fcn\u00fcyoruz&#8221; dedi.<br \/><\/p>\n","protected":false},"excerpt":{"rendered":"<p>Buldan\u2019da kafesinden ka\u00e7t\u0131\u011f\u0131 tahmin edilen Pakistan papa\u011fan\u0131, yakla\u015f\u0131k iki bu\u00e7uk y\u0131ld\u0131r do\u011fal ortamda ya\u015fam\u0131n\u0131 s\u00fcrd\u00fcr\u00fcyor. Buldan\u2019\u0131n Toprak\u00e7\u0131 mevkiinde ilgin\u00e7 bir do\u011fa olay\u0131 ya\u015fan\u0131yor. Kafesinden ka\u00e7t\u0131\u011f\u0131 tahmin edilen bir Pakistan papa\u011fan\u0131, yakla\u015f\u0131k 2,5 y\u0131ld\u0131r do\u011fada ya\u015fam\u0131n\u0131 s\u00fcrd\u00fcr\u00fcyor. B\u00f6lgedeki vatanda\u015flar ve do\u011fa severler, papa\u011fan\u0131 di\u011fer yabani ku\u015flarla birlikte s\u0131k s\u0131k g\u00f6rd\u00fcklerini ve foto\u011fraflad\u0131klar\u0131n\u0131 belirtiyor. Pakistan papa\u011fan\u0131n\u0131 uzun&#8230;<\/p>\n","protected":false},"author":1,"featured_media":84662,"comment_status":"open","ping_status":"open","sticky":false,"template":"","format":"standard","meta":{"_crdt_document":"","footnotes":""},"categories":[1],"tags":[],"class_list":["post-84661","post","type-post","status-publish","format-standard","has-post-thumbnail","hentry","category-guncel"],"_links":{"self":[{"href":"https:\/\/www.egemtv.com\/index.php?rest_route=\/wp\/v2\/posts\/84661","targetHints":{"allow":["GET"]}}],"collection":[{"href":"https:\/\/www.egemtv.com\/index.php?rest_route=\/wp\/v2\/posts"}],"about":[{"href":"https:\/\/www.egemtv.com\/index.php?rest_route=\/wp\/v2\/types\/post"}],"author":[{"embeddable":true,"href":"https:\/\/www.egemtv.com\/index.php?rest_route=\/wp\/v2\/users\/1"}],"replies":[{"embeddable":true,"href":"https:\/\/www.egemtv.com\/index.php?rest_route=%2Fwp%2Fv2%2Fcomments&post=84661"}],"version-history":[{"count":1,"href":"https:\/\/www.egemtv.com\/index.php?rest_route=\/wp\/v2\/posts\/84661\/revisions"}],"predecessor-version":[{"id":84663,"href":"https:\/\/www.egemtv.com\/index.php?rest_route=\/wp\/v2\/posts\/84661\/revisions\/84663"}],"wp:featuredmedia":[{"embeddable":true,"href":"https:\/\/www.egemtv.com\/index.php?rest_route=\/wp\/v2\/media\/84662"}],"wp:attachment":[{"href":"https:\/\/www.egemtv.com\/index.php?rest_route=%2Fwp%2Fv2%2Fmedia&parent=84661"}],"wp:term":[{"taxonomy":"category","embeddable":true,"href":"https:\/\/www.egemtv.com\/index.php?rest_route=%2Fwp%2Fv2%2Fcategories&post=84661"},{"taxonomy":"post_tag","embeddable":true,"href":"https:\/\/www.egemtv.com\/index.php?rest_route=%2Fwp%2Fv2%2Ftags&post=84661"}],"curies":[{"name":"wp","href":"https:\/\/api.w.org\/{rel}","templated":true}]}}