{"id":84658,"date":"2026-02-02T10:14:41","date_gmt":"2026-02-02T07:14:41","guid":{"rendered":"https:\/\/www.egemtv.com\/?p=84658"},"modified":"2026-02-02T10:14:42","modified_gmt":"2026-02-02T07:14:42","slug":"ikinci-donemin-ilk-dersinin-konusu-bayrak","status":"publish","type":"post","link":"https:\/\/www.egemtv.com\/?p=84658","title":{"rendered":"\u0130kinci d\u00f6nemin ilk dersinin konusu \u2019Bayrak\u2019"},"content":{"rendered":"<p>Mu\u011fla\u2019da 2 haftal\u0131k yar\u0131y\u0131l tatilinin ard\u0131ndan 161 bin 583 \u00f6\u011frenci i\u00e7in ders zili yeniden \u00e7ald\u0131. 2025-2026 e\u011fitim \u00f6\u011fretim y\u0131l\u0131n\u0131n ikinci d\u00f6nem a\u00e7\u0131l\u0131\u015f\u0131nda, Mu\u011fla Valisi \u0130dris Akb\u0131y\u0131k \u00f6\u011frencilerle bir araya gelerek &#8220;Bayrak Sevgisi&#8221; konulu ilk dersi bizzat anlatt\u0131.<br \/>\n<br \/>Mu\u011fla genelinde binlerce \u00f6\u011frenci ve \u00f6\u011fretmen i\u00e7in bug\u00fcn okul heyecan\u0131 tekrar ba\u015flad\u0131. Yar\u0131y\u0131l tatilinin sona ermesiyle birlikte kap\u0131lar\u0131n\u0131 a\u00e7an okullarda, ikinci d\u00f6nemin temas\u0131 &#8220;Bayrak Sevgisi&#8221; olarak belirlendi.<br \/>\n<br \/>D\u00f6nemin ilk g\u00fcn\u00fcnde Mu\u011fla Valisi \u0130dris Akb\u0131y\u0131k, e\u011fitim camias\u0131n\u0131 yaln\u0131z b\u0131rakmad\u0131. Vali Akb\u0131y\u0131k\u2019a ziyaretinde; Mente\u015fe Kaymakam\u0131 Mehmet Eri\u015f, Mu\u011fla \u0130l Milli E\u011fitim M\u00fcd\u00fcr\u00fc Emre \u00c7ay ve Mente\u015fe \u0130l\u00e7e Milli E\u011fitim M\u00fcd\u00fcr\u00fc Mehmet Kele\u015f e\u015flik etti. Protokol \u00fcyeleri, Emirbeyaz\u0131t \u0130lk\u00f6\u011fretim Okulu\u2019nda \u00f6\u011fretmen ve \u00f6\u011frencilerle bulu\u015farak yeni d\u00f6nem i\u00e7in ba\u015far\u0131 dileklerini iletti.<br \/>\n<br \/>Ziyaretin en dikkat \u00e7ekici anlar\u0131 ise s\u0131n\u0131flarda ya\u015fand\u0131. 4. s\u0131n\u0131f \u00f6\u011frencileriyle bir araya gelen Vali \u0130dris Akb\u0131y\u0131k, \u00f6\u011fretmen k\u00fcrs\u00fcs\u00fcne ge\u00e7erek ikinci d\u00f6nemin ilk dersini verdi. &#8220;T\u00fcrk Bayra\u011f\u0131&#8221; konusunun i\u015flendi\u011fi derste Vali Akb\u0131y\u0131k, \u015fu noktalara vurgu yapt\u0131: Bayra\u011f\u0131n bir millet i\u00e7in ba\u011f\u0131ms\u0131zl\u0131k sembol\u00fc oldu\u011fu. Gen\u00e7 nesillerin bu kutsal emanete sahip \u00e7\u0131kmas\u0131n\u0131n \u00f6nemi. Ay-y\u0131ld\u0131z\u0131n ta\u015f\u0131d\u0131\u011f\u0131 derin anlam ve tarihi sorumluluklar\u0131n\u0131 anlatt\u0131.<br \/>\n<br \/>Vali Akb\u0131y\u0131k, dersin sonunda \u00f6\u011frencilerle yak\u0131ndan ilgilenerek onlara ba\u015far\u0131l\u0131 ve verimli bir e\u011fitim d\u00f6nemi diledi. Mu\u011fla genelindeki 161 bini a\u015fk\u0131n \u00f6\u011frenci, bu anlaml\u0131 ba\u015flang\u0131\u00e7la ders ba\u015f\u0131 yapm\u0131\u015f oldu.<br \/><\/p>\n","protected":false},"excerpt":{"rendered":"<p>Mu\u011fla\u2019da 2 haftal\u0131k yar\u0131y\u0131l tatilinin ard\u0131ndan 161 bin 583 \u00f6\u011frenci i\u00e7in ders zili yeniden \u00e7ald\u0131. 2025-2026 e\u011fitim \u00f6\u011fretim y\u0131l\u0131n\u0131n ikinci d\u00f6nem a\u00e7\u0131l\u0131\u015f\u0131nda, Mu\u011fla Valisi \u0130dris Akb\u0131y\u0131k \u00f6\u011frencilerle bir araya gelerek &#8220;Bayrak Sevgisi&#8221; konulu ilk dersi bizzat anlatt\u0131. Mu\u011fla genelinde binlerce \u00f6\u011frenci ve \u00f6\u011fretmen i\u00e7in bug\u00fcn okul heyecan\u0131 tekrar ba\u015flad\u0131. Yar\u0131y\u0131l tatilinin sona ermesiyle birlikte kap\u0131lar\u0131n\u0131&#8230;<\/p>\n","protected":false},"author":1,"featured_media":84659,"comment_status":"open","ping_status":"open","sticky":false,"template":"","format":"standard","meta":{"_crdt_document":"","footnotes":""},"categories":[1],"tags":[],"class_list":["post-84658","post","type-post","status-publish","format-standard","has-post-thumbnail","hentry","category-guncel"],"_links":{"self":[{"href":"https:\/\/www.egemtv.com\/index.php?rest_route=\/wp\/v2\/posts\/84658","targetHints":{"allow":["GET"]}}],"collection":[{"href":"https:\/\/www.egemtv.com\/index.php?rest_route=\/wp\/v2\/posts"}],"about":[{"href":"https:\/\/www.egemtv.com\/index.php?rest_route=\/wp\/v2\/types\/post"}],"author":[{"embeddable":true,"href":"https:\/\/www.egemtv.com\/index.php?rest_route=\/wp\/v2\/users\/1"}],"replies":[{"embeddable":true,"href":"https:\/\/www.egemtv.com\/index.php?rest_route=%2Fwp%2Fv2%2Fcomments&post=84658"}],"version-history":[{"count":1,"href":"https:\/\/www.egemtv.com\/index.php?rest_route=\/wp\/v2\/posts\/84658\/revisions"}],"predecessor-version":[{"id":84660,"href":"https:\/\/www.egemtv.com\/index.php?rest_route=\/wp\/v2\/posts\/84658\/revisions\/84660"}],"wp:featuredmedia":[{"embeddable":true,"href":"https:\/\/www.egemtv.com\/index.php?rest_route=\/wp\/v2\/media\/84659"}],"wp:attachment":[{"href":"https:\/\/www.egemtv.com\/index.php?rest_route=%2Fwp%2Fv2%2Fmedia&parent=84658"}],"wp:term":[{"taxonomy":"category","embeddable":true,"href":"https:\/\/www.egemtv.com\/index.php?rest_route=%2Fwp%2Fv2%2Fcategories&post=84658"},{"taxonomy":"post_tag","embeddable":true,"href":"https:\/\/www.egemtv.com\/index.php?rest_route=%2Fwp%2Fv2%2Ftags&post=84658"}],"curies":[{"name":"wp","href":"https:\/\/api.w.org\/{rel}","templated":true}]}}