{"id":84655,"date":"2026-02-02T10:14:39","date_gmt":"2026-02-02T07:14:39","guid":{"rendered":"https:\/\/www.egemtv.com\/?p=84655"},"modified":"2026-02-02T10:14:41","modified_gmt":"2026-02-02T07:14:41","slug":"baskan-kahveci-sosyal-alanlarin-sayisini-artiracagiz","status":"publish","type":"post","link":"https:\/\/www.egemtv.com\/?p=84655","title":{"rendered":"Ba\u015fkan Kahveci: &#8220;Sosyal alanlar\u0131n say\u0131s\u0131n\u0131 art\u0131raca\u011f\u0131z&#8221;"},"content":{"rendered":"<p>K\u00fctahya Belediye Ba\u015fkan\u0131 Ey\u00fcp Kahveci, \u00c7aml\u0131bah\u00e7e Park\u0131 i\u00e7erisinde hizmet veren Kent Lokantas\u0131 ve Kent Kahvesi\u2019ni ziyaret ederek vatanda\u015flar ve gen\u00e7lerle bir araya geldi.<br \/>\n<br \/>Ziyaret kapsam\u0131nda tesislerde incelemelerde bulunan Ba\u015fkan Kahveci, vatanda\u015flar\u0131n talep ve beklentilerini birebir dinledi. K\u00fctahya Belediyesi taraf\u0131ndan sosyal belediyecilik anlay\u0131\u015f\u0131yla hayata ge\u00e7irilen Kent Lokantas\u0131 ve Kent Kahvesi\u2019nin, toplumun her kesimine hitap eden \u00f6nemli bulu\u015fma noktalar\u0131 oldu\u011funu vurgulayan Ba\u015fkan Kahveci, \u00f6zellikle gen\u00e7lerin g\u00f6r\u00fc\u015f ve \u00f6nerilerine b\u00fcy\u00fck \u00f6nem verdiklerini ifade etti.<br \/>\n<br \/>Vatanda\u015flarla sohbet eden Ba\u015fkan Kahveci, sunulan hizmetlere ili\u015fkin memnuniyet ve talepleri dinleyerek iletilen konular\u0131n de\u011ferlendirmeye al\u0131naca\u011f\u0131n\u0131 belirtti.<br \/>\n<br \/>Ba\u015fkan Kahveci, vatanda\u015flar\u0131n ya\u015fam kalitesini art\u0131rmaya y\u00f6nelik sosyal alanlar\u0131n say\u0131s\u0131n\u0131 \u00e7o\u011faltmak i\u00e7in \u00e7al\u0131\u015fmalar\u0131 s\u00fcrd\u00fcrmeye devam edeceklerini s\u00f6zlerine ekledi.<br \/><\/p>\n","protected":false},"excerpt":{"rendered":"<p>K\u00fctahya Belediye Ba\u015fkan\u0131 Ey\u00fcp Kahveci, \u00c7aml\u0131bah\u00e7e Park\u0131 i\u00e7erisinde hizmet veren Kent Lokantas\u0131 ve Kent Kahvesi\u2019ni ziyaret ederek vatanda\u015flar ve gen\u00e7lerle bir araya geldi. Ziyaret kapsam\u0131nda tesislerde incelemelerde bulunan Ba\u015fkan Kahveci, vatanda\u015flar\u0131n talep ve beklentilerini birebir dinledi. K\u00fctahya Belediyesi taraf\u0131ndan sosyal belediyecilik anlay\u0131\u015f\u0131yla hayata ge\u00e7irilen Kent Lokantas\u0131 ve Kent Kahvesi\u2019nin, toplumun her kesimine hitap eden \u00f6nemli&#8230;<\/p>\n","protected":false},"author":1,"featured_media":84656,"comment_status":"open","ping_status":"open","sticky":false,"template":"","format":"standard","meta":{"_crdt_document":"","footnotes":""},"categories":[123],"tags":[],"class_list":["post-84655","post","type-post","status-publish","format-standard","has-post-thumbnail","hentry","category-gundem"],"_links":{"self":[{"href":"https:\/\/www.egemtv.com\/index.php?rest_route=\/wp\/v2\/posts\/84655","targetHints":{"allow":["GET"]}}],"collection":[{"href":"https:\/\/www.egemtv.com\/index.php?rest_route=\/wp\/v2\/posts"}],"about":[{"href":"https:\/\/www.egemtv.com\/index.php?rest_route=\/wp\/v2\/types\/post"}],"author":[{"embeddable":true,"href":"https:\/\/www.egemtv.com\/index.php?rest_route=\/wp\/v2\/users\/1"}],"replies":[{"embeddable":true,"href":"https:\/\/www.egemtv.com\/index.php?rest_route=%2Fwp%2Fv2%2Fcomments&post=84655"}],"version-history":[{"count":1,"href":"https:\/\/www.egemtv.com\/index.php?rest_route=\/wp\/v2\/posts\/84655\/revisions"}],"predecessor-version":[{"id":84657,"href":"https:\/\/www.egemtv.com\/index.php?rest_route=\/wp\/v2\/posts\/84655\/revisions\/84657"}],"wp:featuredmedia":[{"embeddable":true,"href":"https:\/\/www.egemtv.com\/index.php?rest_route=\/wp\/v2\/media\/84656"}],"wp:attachment":[{"href":"https:\/\/www.egemtv.com\/index.php?rest_route=%2Fwp%2Fv2%2Fmedia&parent=84655"}],"wp:term":[{"taxonomy":"category","embeddable":true,"href":"https:\/\/www.egemtv.com\/index.php?rest_route=%2Fwp%2Fv2%2Fcategories&post=84655"},{"taxonomy":"post_tag","embeddable":true,"href":"https:\/\/www.egemtv.com\/index.php?rest_route=%2Fwp%2Fv2%2Ftags&post=84655"}],"curies":[{"name":"wp","href":"https:\/\/api.w.org\/{rel}","templated":true}]}}