{"id":84652,"date":"2026-02-02T09:55:16","date_gmt":"2026-02-02T06:55:16","guid":{"rendered":"https:\/\/www.egemtv.com\/?p=84652"},"modified":"2026-02-02T09:55:17","modified_gmt":"2026-02-02T06:55:17","slug":"vali-canbolattan-berat-kandili-mesaji","status":"publish","type":"post","link":"https:\/\/www.egemtv.com\/?p=84652","title":{"rendered":"Vali Canbolat\u2019tan Berat Kandili mesaj\u0131"},"content":{"rendered":"<p>Ayd\u0131n Valisi Yakup Canbolat Berat Kandili dolay\u0131s\u0131yla bir mesaj yay\u0131mlad\u0131.<\/p>\n<p>Ayd\u0131n Valisi Yakup Canbolat Berat Kandili dolay\u0131s\u0131yla yay\u0131mlad\u0131\u011f\u0131 mesaj\u0131nda, &#8220;Sevgi, ho\u015fg\u00f6r\u00fc ve karde\u015flik duygular\u0131n\u0131n g\u00fc\u00e7lendi\u011fi; yard\u0131mla\u015fma ve dayan\u0131\u015fma bilincinin en \u00fcst seviyeye ula\u015ft\u0131\u011f\u0131, rahmet ve bereketiyle g\u00f6n\u00fcllerimizi ku\u015fatan Berat Kandili\u2019ne ula\u015fman\u0131n huzur ve mutlulu\u011funu hep birlikte ya\u015f\u0131yoruz. Berat Kandili; Y\u00fcce Rabbimizin sonsuz aff\u0131na, merhametine ve bag\u0131\u015flay\u0131c\u0131l\u0131\u011f\u0131na s\u0131\u011f\u0131nma imkan\u0131 sunarken, bizlere de kendimize, ailemize, milletimize ve t\u00fcm insanl\u0131\u011fa kar\u015f\u0131 affedici, ku\u015fat\u0131c\u0131 ve onar\u0131c\u0131 olmay\u0131 \u00f6\u011fretir.  Bu gece, yapaca\u011f\u0131m\u0131z dualar\u0131n Cenab-1 Mevla\u2019 ya arz edilece\u011fi ve onun sonsuz aff\u0131ndan, merhametinden, iyili\u011finden bol bol yararlan\u0131laca\u011f\u0131, umut, huzur ve m\u00fcjde gecesidir. Bu gecenin; dualar\u0131m\u0131z\u0131n kabul\u00fcne, g\u00f6n\u00fcllerimizin ferahlamas\u0131na, umutlar\u0131m\u0131z\u0131n tazelenmesine ve manevi huzurumuzun artmas\u0131na vesile olmas\u0131n\u0131 temenni ediyorum. Bu m\u00fcbarek g\u00fcn ve gecelerin manevi ikliminde; birlik ve beraberli\u011fimizi zedeleyen k\u0131rg\u0131nl\u0131klar\u0131 geride b\u0131rakarak sevgi, sayg\u0131 ve muhabbetle kenetlenmeli; yard\u0131mla\u015fma ve payla\u015fma ruhunu diri tutarak ihtiya\u00e7 sahiplerine el uzatmal\u0131, karde\u015flik ba\u011flar\u0131m\u0131z\u0131 daha da kuvvetlendirmeliyiz. Bu duygu ve d\u00fc\u015f\u00fcncelerle, basta Ayd\u0131nl\u0131 hem\u015fehrilerim olmak \u00fczere aziz milletimizin Berat Kandili\u2019ni tebrik eder; bu anlaml\u0131 gecenin \u00fclkemize, t\u00fcm insanl\u0131\u011fa ve \u0130slam alemine bar\u0131\u015f, huzur, sa\u011fl\u0131k ve esenlik getirmesini temenni ederim&#8221; ifadelerine yer verdi.<br \/><\/p>\n","protected":false},"excerpt":{"rendered":"<p>Ayd\u0131n Valisi Yakup Canbolat Berat Kandili dolay\u0131s\u0131yla bir mesaj yay\u0131mlad\u0131. Ayd\u0131n Valisi Yakup Canbolat Berat Kandili dolay\u0131s\u0131yla yay\u0131mlad\u0131\u011f\u0131 mesaj\u0131nda, &#8220;Sevgi, ho\u015fg\u00f6r\u00fc ve karde\u015flik duygular\u0131n\u0131n g\u00fc\u00e7lendi\u011fi; yard\u0131mla\u015fma ve dayan\u0131\u015fma bilincinin en \u00fcst seviyeye ula\u015ft\u0131\u011f\u0131, rahmet ve bereketiyle g\u00f6n\u00fcllerimizi ku\u015fatan Berat Kandili\u2019ne ula\u015fman\u0131n huzur ve mutlulu\u011funu hep birlikte ya\u015f\u0131yoruz. Berat Kandili; Y\u00fcce Rabbimizin sonsuz aff\u0131na, merhametine ve&#8230;<\/p>\n","protected":false},"author":1,"featured_media":84653,"comment_status":"open","ping_status":"open","sticky":false,"template":"","format":"standard","meta":{"_crdt_document":"","footnotes":""},"categories":[1],"tags":[],"class_list":["post-84652","post","type-post","status-publish","format-standard","has-post-thumbnail","hentry","category-guncel"],"_links":{"self":[{"href":"https:\/\/www.egemtv.com\/index.php?rest_route=\/wp\/v2\/posts\/84652","targetHints":{"allow":["GET"]}}],"collection":[{"href":"https:\/\/www.egemtv.com\/index.php?rest_route=\/wp\/v2\/posts"}],"about":[{"href":"https:\/\/www.egemtv.com\/index.php?rest_route=\/wp\/v2\/types\/post"}],"author":[{"embeddable":true,"href":"https:\/\/www.egemtv.com\/index.php?rest_route=\/wp\/v2\/users\/1"}],"replies":[{"embeddable":true,"href":"https:\/\/www.egemtv.com\/index.php?rest_route=%2Fwp%2Fv2%2Fcomments&post=84652"}],"version-history":[{"count":1,"href":"https:\/\/www.egemtv.com\/index.php?rest_route=\/wp\/v2\/posts\/84652\/revisions"}],"predecessor-version":[{"id":84654,"href":"https:\/\/www.egemtv.com\/index.php?rest_route=\/wp\/v2\/posts\/84652\/revisions\/84654"}],"wp:featuredmedia":[{"embeddable":true,"href":"https:\/\/www.egemtv.com\/index.php?rest_route=\/wp\/v2\/media\/84653"}],"wp:attachment":[{"href":"https:\/\/www.egemtv.com\/index.php?rest_route=%2Fwp%2Fv2%2Fmedia&parent=84652"}],"wp:term":[{"taxonomy":"category","embeddable":true,"href":"https:\/\/www.egemtv.com\/index.php?rest_route=%2Fwp%2Fv2%2Fcategories&post=84652"},{"taxonomy":"post_tag","embeddable":true,"href":"https:\/\/www.egemtv.com\/index.php?rest_route=%2Fwp%2Fv2%2Ftags&post=84652"}],"curies":[{"name":"wp","href":"https:\/\/api.w.org\/{rel}","templated":true}]}}