{"id":84646,"date":"2026-02-02T09:55:13","date_gmt":"2026-02-02T06:55:13","guid":{"rendered":"https:\/\/www.egemtv.com\/?p=84646"},"modified":"2026-02-02T09:55:14","modified_gmt":"2026-02-02T06:55:14","slug":"aski-ekipleri-temizledi-taskinin-onune-gecildi","status":"publish","type":"post","link":"https:\/\/www.egemtv.com\/?p=84646","title":{"rendered":"ASK\u0130 ekipleri temizledi, ta\u015fk\u0131n\u0131n \u00f6n\u00fcne ge\u00e7ildi"},"content":{"rendered":"<p>Ayd\u0131n\u2019\u0131n Efeler il\u00e7esinde ASK\u0130 ekipleri taraf\u0131ndan yap\u0131lan temizlik \u00e7al\u0131\u015fmas\u0131 ile ya\u011f\u0131\u015f sonras\u0131 ta\u015fk\u0131n ya\u015fanmas\u0131 \u00f6nlendi.<br \/>\n<br \/>Ayd\u0131n B\u00fcy\u00fck\u015fehir Belediyesi ASK\u0130 ekipleri Kemer Mahallesi \u00c7ak\u0131rlar Caddesi \u00fczerindeki dere yata\u011f\u0131nda bulunan menfez k\u00f6r\u00fcn\u00fcn bulundu\u011fu alanda temizlik \u00e7al\u0131\u015fmas\u0131 ger\u00e7ekle\u015ftirildi. Yo\u011fun ya\u011f\u0131\u015f \u00f6ncesi yap\u0131lan \u00e7al\u0131\u015fma ile muhtemel ta\u015fk\u0131nlar\u0131n ve selin \u00f6n\u00fcne ge\u00e7ildi.<br \/>\n<br \/>Kemer Mahallesi Muhtar\u0131 H\u00fcseyin \u0130ncitme, &#8220;Talebimiz \u00fczerine Kemer \u00c7ay\u0131 istikametinde Kemer Mahallesi \u00c7ak\u0131rlar Caddesi \u00fczerindeki menfez k\u00f6pr\u00fcn\u00fcn i\u00e7i herhangi bir sel afeti ya\u015fanmadan Ayd\u0131n B\u00fcy\u00fck\u015fehir Belediyesi ASK\u0130 ekiplerince temizlenip tedbir al\u0131nd\u0131. Ekiplerimize \u00e7ok te\u015fekk\u00fcr ediyorum&#8221; dedi.<br \/><\/p>\n","protected":false},"excerpt":{"rendered":"<p>Ayd\u0131n\u2019\u0131n Efeler il\u00e7esinde ASK\u0130 ekipleri taraf\u0131ndan yap\u0131lan temizlik \u00e7al\u0131\u015fmas\u0131 ile ya\u011f\u0131\u015f sonras\u0131 ta\u015fk\u0131n ya\u015fanmas\u0131 \u00f6nlendi. Ayd\u0131n B\u00fcy\u00fck\u015fehir Belediyesi ASK\u0130 ekipleri Kemer Mahallesi \u00c7ak\u0131rlar Caddesi \u00fczerindeki dere yata\u011f\u0131nda bulunan menfez k\u00f6r\u00fcn\u00fcn bulundu\u011fu alanda temizlik \u00e7al\u0131\u015fmas\u0131 ger\u00e7ekle\u015ftirildi. Yo\u011fun ya\u011f\u0131\u015f \u00f6ncesi yap\u0131lan \u00e7al\u0131\u015fma ile muhtemel ta\u015fk\u0131nlar\u0131n ve selin \u00f6n\u00fcne ge\u00e7ildi. Kemer Mahallesi Muhtar\u0131 H\u00fcseyin \u0130ncitme, &#8220;Talebimiz \u00fczerine Kemer&#8230;<\/p>\n","protected":false},"author":1,"featured_media":84647,"comment_status":"open","ping_status":"open","sticky":false,"template":"","format":"standard","meta":{"_crdt_document":"","footnotes":""},"categories":[1],"tags":[],"class_list":["post-84646","post","type-post","status-publish","format-standard","has-post-thumbnail","hentry","category-guncel"],"_links":{"self":[{"href":"https:\/\/www.egemtv.com\/index.php?rest_route=\/wp\/v2\/posts\/84646","targetHints":{"allow":["GET"]}}],"collection":[{"href":"https:\/\/www.egemtv.com\/index.php?rest_route=\/wp\/v2\/posts"}],"about":[{"href":"https:\/\/www.egemtv.com\/index.php?rest_route=\/wp\/v2\/types\/post"}],"author":[{"embeddable":true,"href":"https:\/\/www.egemtv.com\/index.php?rest_route=\/wp\/v2\/users\/1"}],"replies":[{"embeddable":true,"href":"https:\/\/www.egemtv.com\/index.php?rest_route=%2Fwp%2Fv2%2Fcomments&post=84646"}],"version-history":[{"count":1,"href":"https:\/\/www.egemtv.com\/index.php?rest_route=\/wp\/v2\/posts\/84646\/revisions"}],"predecessor-version":[{"id":84648,"href":"https:\/\/www.egemtv.com\/index.php?rest_route=\/wp\/v2\/posts\/84646\/revisions\/84648"}],"wp:featuredmedia":[{"embeddable":true,"href":"https:\/\/www.egemtv.com\/index.php?rest_route=\/wp\/v2\/media\/84647"}],"wp:attachment":[{"href":"https:\/\/www.egemtv.com\/index.php?rest_route=%2Fwp%2Fv2%2Fmedia&parent=84646"}],"wp:term":[{"taxonomy":"category","embeddable":true,"href":"https:\/\/www.egemtv.com\/index.php?rest_route=%2Fwp%2Fv2%2Fcategories&post=84646"},{"taxonomy":"post_tag","embeddable":true,"href":"https:\/\/www.egemtv.com\/index.php?rest_route=%2Fwp%2Fv2%2Ftags&post=84646"}],"curies":[{"name":"wp","href":"https:\/\/api.w.org\/{rel}","templated":true}]}}