{"id":84643,"date":"2026-02-02T09:55:12","date_gmt":"2026-02-02T06:55:12","guid":{"rendered":"https:\/\/www.egemtv.com\/?p=84643"},"modified":"2026-02-02T09:55:13","modified_gmt":"2026-02-02T06:55:13","slug":"kuruyan-suluklu-gol-yeniden-canlandi","status":"publish","type":"post","link":"https:\/\/www.egemtv.com\/?p=84643","title":{"rendered":"Kuruyan S\u00fcl\u00fckl\u00fc G\u00f6l yeniden canland\u0131"},"content":{"rendered":"<p>Ge\u00e7ti\u011fimiz kas\u0131m ay\u0131nda tamamen kuruyan S\u00fcl\u00fckl\u00fc G\u00f6l, Manisa\u2019da etkili olan ya\u011f\u0131\u015flarla yeniden dolarak ta\u015fma noktas\u0131na geldi. Spil Da\u011f\u0131 eteklerinde do\u011fa, ya\u011fmurlarla birlikte yeniden hayat buldu.<br \/>\n<br \/>Ge\u00e7ti\u011fimiz kas\u0131m ay\u0131 ba\u015f\u0131nda tamamen kuruyan ve hi\u00e7 su kalmayan S\u00fcl\u00fckl\u00fc G\u00f6l, Manisa\u2019da ocak ay\u0131n\u0131n son iki haftas\u0131nda etkili olan ya\u011f\u0131\u015flar\u0131n ard\u0131ndan eski g\u00fcnlerine geri d\u00f6nd\u00fc. Spil Da\u011f\u0131 Milli Park\u0131 eteklerinde yer alan g\u00f6lde biriken suyun ta\u015fma seviyesine ula\u015ft\u0131\u011f\u0131 g\u00f6zlendi.<br \/>\n<br \/>Yaz aylar\u0131nda birden fazla kez kuruma tehlikesi atlatan S\u00fcl\u00fckl\u00fc G\u00f6l, kas\u0131m ay\u0131 ba\u015flar\u0131nda tamamen kurumu\u015ftu. Son haftalarda etkisini art\u0131ran ya\u011f\u0131\u015flar, kent merkezinde zaman zaman hayat\u0131 olumsuz etkilese de yer alt\u0131 su kaynaklar\u0131n\u0131 besleyerek kuruyan g\u00f6l ve g\u00f6letlerin yeniden dolmas\u0131n\u0131 sa\u011flad\u0131. Ya\u011fmur sular\u0131yla beslenen S\u00fcl\u00fckl\u00fc G\u00f6l, yakla\u015f\u0131k \u00fc\u00e7 ay aradan sonra yeniden suyla bulu\u015ftu.<br \/>\n<br \/>Manisa\u2019da ya\u011f\u0131\u015fl\u0131 havan\u0131n halen etkisini s\u00fcrd\u00fcrmesiyle birlikte g\u00f6ldeki su seviyesinin h\u0131zla y\u00fckseldi\u011fi ve eski do\u011fal g\u00f6r\u00fcn\u00fcm\u00fcne kavu\u015ftu\u011fu belirtildi.<\/p>\n<p>Gizemli \u015eelale yeniden ortaya \u00e7\u0131kt\u0131<br \/>\n<br \/>\u00d6te yandan, Spil Da\u011f\u0131 Milli Park\u0131\u2019na \u00e7\u0131k\u0131\u015f yolunda Turgutalp Mahallesi\u2019ne yak\u0131n G\u00fcvercin Kaya mevkiinde yer alan ve halk aras\u0131nda &#8220;Gizemli \u015eelale&#8221; olarak bilinen do\u011fal olu\u015fum da ya\u011f\u0131\u015flarla birlikte yeniden hayat buldu. Normal \u015fartlarda kayal\u0131klar\u0131n aras\u0131ndan \u00e7\u0131k\u0131p k\u0131sa s\u00fcrede topra\u011fa kar\u0131\u015fan \u015felalenin suyu, ya\u011fmurlar\u0131n ard\u0131ndan zaman zaman yol ortas\u0131na kadar f\u0131\u015fk\u0131r\u0131yor.<br \/>\n<br \/>Ziyaret\u00e7ilerin ilgi ve merakla izledi\u011fi \u015felale, Spil Da\u011f\u0131\u2019nda do\u011fan\u0131n yeniden canland\u0131\u011f\u0131n\u0131n en g\u00fczel g\u00f6stergelerinden biri oldu. Uzun s\u00fcren kurak yaz ve sonbahar mevsiminin ard\u0131ndan gelen bereketli ya\u011f\u0131\u015flar, b\u00f6lgede umutlar\u0131 yeniden ye\u015fertti.<br \/><\/p>\n","protected":false},"excerpt":{"rendered":"<p>Ge\u00e7ti\u011fimiz kas\u0131m ay\u0131nda tamamen kuruyan S\u00fcl\u00fckl\u00fc G\u00f6l, Manisa\u2019da etkili olan ya\u011f\u0131\u015flarla yeniden dolarak ta\u015fma noktas\u0131na geldi. Spil Da\u011f\u0131 eteklerinde do\u011fa, ya\u011fmurlarla birlikte yeniden hayat buldu. Ge\u00e7ti\u011fimiz kas\u0131m ay\u0131 ba\u015f\u0131nda tamamen kuruyan ve hi\u00e7 su kalmayan S\u00fcl\u00fckl\u00fc G\u00f6l, Manisa\u2019da ocak ay\u0131n\u0131n son iki haftas\u0131nda etkili olan ya\u011f\u0131\u015flar\u0131n ard\u0131ndan eski g\u00fcnlerine geri d\u00f6nd\u00fc. Spil Da\u011f\u0131 Milli Park\u0131&#8230;<\/p>\n","protected":false},"author":1,"featured_media":84644,"comment_status":"open","ping_status":"open","sticky":false,"template":"","format":"standard","meta":{"_crdt_document":"","footnotes":""},"categories":[1],"tags":[],"class_list":["post-84643","post","type-post","status-publish","format-standard","has-post-thumbnail","hentry","category-guncel"],"_links":{"self":[{"href":"https:\/\/www.egemtv.com\/index.php?rest_route=\/wp\/v2\/posts\/84643","targetHints":{"allow":["GET"]}}],"collection":[{"href":"https:\/\/www.egemtv.com\/index.php?rest_route=\/wp\/v2\/posts"}],"about":[{"href":"https:\/\/www.egemtv.com\/index.php?rest_route=\/wp\/v2\/types\/post"}],"author":[{"embeddable":true,"href":"https:\/\/www.egemtv.com\/index.php?rest_route=\/wp\/v2\/users\/1"}],"replies":[{"embeddable":true,"href":"https:\/\/www.egemtv.com\/index.php?rest_route=%2Fwp%2Fv2%2Fcomments&post=84643"}],"version-history":[{"count":1,"href":"https:\/\/www.egemtv.com\/index.php?rest_route=\/wp\/v2\/posts\/84643\/revisions"}],"predecessor-version":[{"id":84645,"href":"https:\/\/www.egemtv.com\/index.php?rest_route=\/wp\/v2\/posts\/84643\/revisions\/84645"}],"wp:featuredmedia":[{"embeddable":true,"href":"https:\/\/www.egemtv.com\/index.php?rest_route=\/wp\/v2\/media\/84644"}],"wp:attachment":[{"href":"https:\/\/www.egemtv.com\/index.php?rest_route=%2Fwp%2Fv2%2Fmedia&parent=84643"}],"wp:term":[{"taxonomy":"category","embeddable":true,"href":"https:\/\/www.egemtv.com\/index.php?rest_route=%2Fwp%2Fv2%2Fcategories&post=84643"},{"taxonomy":"post_tag","embeddable":true,"href":"https:\/\/www.egemtv.com\/index.php?rest_route=%2Fwp%2Fv2%2Ftags&post=84643"}],"curies":[{"name":"wp","href":"https:\/\/api.w.org\/{rel}","templated":true}]}}