{"id":84640,"date":"2026-02-02T09:55:09","date_gmt":"2026-02-02T06:55:09","guid":{"rendered":"https:\/\/www.egemtv.com\/?p=84640"},"modified":"2026-02-02T09:55:11","modified_gmt":"2026-02-02T06:55:11","slug":"ispartada-asirlik-sancak-kaldirma-ve-asker-ugurlama-gelenegi","status":"publish","type":"post","link":"https:\/\/www.egemtv.com\/?p=84640","title":{"rendered":"Isparta\u2019da as\u0131rl\u0131k sancak kald\u0131rma ve asker u\u011furlama gelene\u011fi"},"content":{"rendered":"<p>Isparta\u2019n\u0131n Yalva\u00e7 il\u00e7esine ba\u011fl\u0131 bir k\u00f6yde bir asr\u0131 a\u015fk\u0131n s\u00fcredir s\u00fcrd\u00fcr\u00fclen sancak kald\u0131rma ve asker u\u011furlama gelene\u011fi, bu y\u0131l da k\u00f6y halk\u0131 ve \u00e7evre illerden gelen kat\u0131l\u0131mc\u0131lar\u0131n yo\u011fun ilgisiyle ger\u00e7ekle\u015ftirildi.<br \/>\n<br \/>Isparta\u2019n\u0131n Yalva\u00e7 il\u00e7esine ba\u011fl\u0131 Tokmac\u0131k k\u00f6y\u00fcnde, k\u00f6kl\u00fc ge\u00e7mi\u015fe sahip sancak kald\u0131rma ve asker u\u011furlama t\u00f6reni bu y\u0131l da geleneklere uygun \u015fekilde d\u00fczenlendi. T\u00f6rene, Tokmac\u0131k k\u00f6y\u00fcnde ikamet edenlerin yan\u0131 s\u0131ra k\u00f6y d\u0131\u015f\u0131 ve il\u00e7e d\u0131\u015f\u0131ndan gelen k\u00f6y halk\u0131 ile \u00e7evre k\u00f6ylerden \u00e7ok say\u0131da vatanda\u015f kat\u0131ld\u0131.<\/p>\n<p>1889\u2019dan g\u00fcn\u00fcm\u00fcze kutsal emanet sancak sadece asker u\u011furlamalar\u0131nda \u00e7\u0131kar\u0131l\u0131yor<br \/>\n<br \/>Yalva\u00e7 M\u00fcft\u00fcl\u00fc\u011f\u00fcne ba\u011fl\u0131 Tokmac\u0131k K\u00f6y\u00fc Camii\u2019nde 1889 y\u0131l\u0131ndan bu yana muhafaza edilen sancak, yaln\u0131zca asker u\u011furlama t\u00f6renlerinde, cami imam\u0131n\u0131n nezaretinde muhafazadan \u00e7\u0131kar\u0131l\u0131yor.<br \/>\n<br \/>Gelenek gere\u011fi askere gidecek gen\u00e7ler i\u00e7in yakla\u015f\u0131k bir ay \u00f6ncesinden akraba, e\u015f, dost ve kom\u015fular taraf\u0131ndan evlerde s\u0131rayla ikramlar verilerek haz\u0131rl\u0131klar ba\u015flat\u0131ld\u0131. T\u00f6renden bir gece \u00f6nce k\u00f6y meydan\u0131nda d\u00fczenlenen e\u011flencede k\u00f6y halk\u0131 ve d\u0131\u015far\u0131dan gelen misafirler bir araya geldi. E\u011flencenin ard\u0131ndan askere gidecek gen\u00e7lere k\u0131na yak\u0131ld\u0131. Ertesi sabah cami imam\u0131 taraf\u0131ndan muhafazadan \u00e7\u0131kar\u0131lan sancak, bir sonraki d\u00f6nemde askere gidecek gen\u00e7lere emanet edildi ve cami \u00f6n\u00fcnde T\u00fcrk bayra\u011f\u0131 ile yan yana asker adaylar\u0131n\u0131 beklemeye ba\u015flad\u0131. Asker adaylar\u0131, aileleri, akrabalar\u0131 ve kom\u015fular\u0131yla birlikte evlerinden \u00e7\u0131karak d\u00fc\u011f\u00fcn havas\u0131nda y\u00fcr\u00fcyerek sanca\u011f\u0131n bulundu\u011fu alana geldi. Sancak \u00f6n\u00fcnde toplanan asker adaylar\u0131 i\u00e7in cami imam\u0131 taraf\u0131ndan dualar okunarak hay\u0131rl\u0131 temennilerde bulunuldu. Dualar\u0131n ard\u0131ndan sancak ve T\u00fcrk bayra\u011f\u0131 \u00f6n\u00fcnde askerler ad\u0131na vek\u00e2let al\u0131narak kurban kesildi. Al\u0131nlar\u0131na kurban kan\u0131 s\u00fcr\u00fclen asker adaylar\u0131, sancak ve T\u00fcrk bayra\u011f\u0131n\u0131 \u00f6perek saf tuttu. K\u00f6y halk\u0131 ile birlikte sancak ve bayrak e\u015fli\u011finde k\u00f6y\u00fcn giri\u015fine kadar y\u00fcr\u00fcyen asker adaylar\u0131, burada imam\u0131n yapt\u0131\u011f\u0131 dualar\u0131n ard\u0131ndan k\u00f6yl\u00fclerle tek tek vedala\u015ft\u0131. Gelenek gere\u011fi askerlere har\u00e7l\u0131k verilirken, aileler, akrabalar ve k\u00f6y halk\u0131 asker adaylar\u0131yla hat\u0131ra foto\u011fraf\u0131 \u00e7ektirdi. T\u00f6ren, asker adaylar\u0131n\u0131n birliklerine kat\u0131lmak \u00fczere k\u00f6y giri\u015finden u\u011furlanmas\u0131yla sona erdi. As\u0131rl\u0131k gelenek, bu y\u0131l da birlik, beraberlik ve duygu dolu anlara sahne oldu.<br \/><\/p>\n","protected":false},"excerpt":{"rendered":"<p>Isparta\u2019n\u0131n Yalva\u00e7 il\u00e7esine ba\u011fl\u0131 bir k\u00f6yde bir asr\u0131 a\u015fk\u0131n s\u00fcredir s\u00fcrd\u00fcr\u00fclen sancak kald\u0131rma ve asker u\u011furlama gelene\u011fi, bu y\u0131l da k\u00f6y halk\u0131 ve \u00e7evre illerden gelen kat\u0131l\u0131mc\u0131lar\u0131n yo\u011fun ilgisiyle ger\u00e7ekle\u015ftirildi. Isparta\u2019n\u0131n Yalva\u00e7 il\u00e7esine ba\u011fl\u0131 Tokmac\u0131k k\u00f6y\u00fcnde, k\u00f6kl\u00fc ge\u00e7mi\u015fe sahip sancak kald\u0131rma ve asker u\u011furlama t\u00f6reni bu y\u0131l da geleneklere uygun \u015fekilde d\u00fczenlendi. T\u00f6rene, Tokmac\u0131k k\u00f6y\u00fcnde&#8230;<\/p>\n","protected":false},"author":1,"featured_media":84641,"comment_status":"open","ping_status":"open","sticky":false,"template":"","format":"standard","meta":{"_crdt_document":"","footnotes":""},"categories":[1],"tags":[],"class_list":["post-84640","post","type-post","status-publish","format-standard","has-post-thumbnail","hentry","category-guncel"],"_links":{"self":[{"href":"https:\/\/www.egemtv.com\/index.php?rest_route=\/wp\/v2\/posts\/84640","targetHints":{"allow":["GET"]}}],"collection":[{"href":"https:\/\/www.egemtv.com\/index.php?rest_route=\/wp\/v2\/posts"}],"about":[{"href":"https:\/\/www.egemtv.com\/index.php?rest_route=\/wp\/v2\/types\/post"}],"author":[{"embeddable":true,"href":"https:\/\/www.egemtv.com\/index.php?rest_route=\/wp\/v2\/users\/1"}],"replies":[{"embeddable":true,"href":"https:\/\/www.egemtv.com\/index.php?rest_route=%2Fwp%2Fv2%2Fcomments&post=84640"}],"version-history":[{"count":1,"href":"https:\/\/www.egemtv.com\/index.php?rest_route=\/wp\/v2\/posts\/84640\/revisions"}],"predecessor-version":[{"id":84642,"href":"https:\/\/www.egemtv.com\/index.php?rest_route=\/wp\/v2\/posts\/84640\/revisions\/84642"}],"wp:featuredmedia":[{"embeddable":true,"href":"https:\/\/www.egemtv.com\/index.php?rest_route=\/wp\/v2\/media\/84641"}],"wp:attachment":[{"href":"https:\/\/www.egemtv.com\/index.php?rest_route=%2Fwp%2Fv2%2Fmedia&parent=84640"}],"wp:term":[{"taxonomy":"category","embeddable":true,"href":"https:\/\/www.egemtv.com\/index.php?rest_route=%2Fwp%2Fv2%2Fcategories&post=84640"},{"taxonomy":"post_tag","embeddable":true,"href":"https:\/\/www.egemtv.com\/index.php?rest_route=%2Fwp%2Fv2%2Ftags&post=84640"}],"curies":[{"name":"wp","href":"https:\/\/api.w.org\/{rel}","templated":true}]}}