{"id":84637,"date":"2026-02-02T09:35:06","date_gmt":"2026-02-02T06:35:06","guid":{"rendered":"https:\/\/www.egemtv.com\/?p=84637"},"modified":"2026-02-02T09:35:08","modified_gmt":"2026-02-02T06:35:08","slug":"yenipazarda-saganak-yagis-etkili-oldu","status":"publish","type":"post","link":"https:\/\/www.egemtv.com\/?p=84637","title":{"rendered":"Yenipazar\u2019da sa\u011fanak ya\u011f\u0131\u015f etkili oldu"},"content":{"rendered":"<p>Ayd\u0131n\u2019\u0131n Yenipazar il\u00e7esinde sa\u011fanak ya\u011f\u0131\u015f etkili oldu, baz\u0131 yollarda su birikintileri olu\u015ftu.<br \/>\n<br \/>Ayd\u0131n il genelinde etkili olan sa\u011fanak ya\u011f\u0131\u015f Yenipazar\u2019da da etkili oldu. \u0130l\u00e7e genelinde etkili olan sa\u011fanak ya\u011f\u0131\u015f sonras\u0131 belediye ekipleri teyakkuza ge\u00e7ti. Ekipler olumsuzluk ya\u015fanan b\u00f6lgelerde \u00e7al\u0131\u015fma ba\u015flatt\u0131. Yenipazar Belediye Ba\u015fkan\u0131 Malik Ercan da olumsuzluk yap\u0131lan b\u00f6lgelerde \u00e7al\u0131\u015fmalar\u0131 yak\u0131ndan takip etti.<br \/>\n<br \/>Ba\u015fkan Ercan, &#8220;Yenipazar Belediyemiz ve ASK\u0130 Yenipazar Ekiplerimizle birlikte sahaday\u0131z.<br \/>\n<br \/>Yo\u011fun ya\u011f\u0131\u015flar\u0131n ard\u0131ndan \u0130l\u00e7emizde olu\u015fabilecek olumsuzluklara kar\u015f\u0131 ekiplerimizle birlikte gerekli \u00f6nlemleri al\u0131yoruz. Acil durumlarda bizimle ileti\u015fime ge\u00e7ebilirsiniz. Allah\u2019\u0131m afad\u0131ndan korusun&#8221; a\u00e7\u0131klamas\u0131nda bulundu.<br \/><\/p>\n","protected":false},"excerpt":{"rendered":"<p>Ayd\u0131n\u2019\u0131n Yenipazar il\u00e7esinde sa\u011fanak ya\u011f\u0131\u015f etkili oldu, baz\u0131 yollarda su birikintileri olu\u015ftu. Ayd\u0131n il genelinde etkili olan sa\u011fanak ya\u011f\u0131\u015f Yenipazar\u2019da da etkili oldu. \u0130l\u00e7e genelinde etkili olan sa\u011fanak ya\u011f\u0131\u015f sonras\u0131 belediye ekipleri teyakkuza ge\u00e7ti. Ekipler olumsuzluk ya\u015fanan b\u00f6lgelerde \u00e7al\u0131\u015fma ba\u015flatt\u0131. Yenipazar Belediye Ba\u015fkan\u0131 Malik Ercan da olumsuzluk yap\u0131lan b\u00f6lgelerde \u00e7al\u0131\u015fmalar\u0131 yak\u0131ndan takip etti. Ba\u015fkan Ercan,&#8230;<\/p>\n","protected":false},"author":1,"featured_media":84638,"comment_status":"open","ping_status":"open","sticky":false,"template":"","format":"standard","meta":{"_crdt_document":"","footnotes":""},"categories":[1],"tags":[],"class_list":["post-84637","post","type-post","status-publish","format-standard","has-post-thumbnail","hentry","category-guncel"],"_links":{"self":[{"href":"https:\/\/www.egemtv.com\/index.php?rest_route=\/wp\/v2\/posts\/84637","targetHints":{"allow":["GET"]}}],"collection":[{"href":"https:\/\/www.egemtv.com\/index.php?rest_route=\/wp\/v2\/posts"}],"about":[{"href":"https:\/\/www.egemtv.com\/index.php?rest_route=\/wp\/v2\/types\/post"}],"author":[{"embeddable":true,"href":"https:\/\/www.egemtv.com\/index.php?rest_route=\/wp\/v2\/users\/1"}],"replies":[{"embeddable":true,"href":"https:\/\/www.egemtv.com\/index.php?rest_route=%2Fwp%2Fv2%2Fcomments&post=84637"}],"version-history":[{"count":1,"href":"https:\/\/www.egemtv.com\/index.php?rest_route=\/wp\/v2\/posts\/84637\/revisions"}],"predecessor-version":[{"id":84639,"href":"https:\/\/www.egemtv.com\/index.php?rest_route=\/wp\/v2\/posts\/84637\/revisions\/84639"}],"wp:featuredmedia":[{"embeddable":true,"href":"https:\/\/www.egemtv.com\/index.php?rest_route=\/wp\/v2\/media\/84638"}],"wp:attachment":[{"href":"https:\/\/www.egemtv.com\/index.php?rest_route=%2Fwp%2Fv2%2Fmedia&parent=84637"}],"wp:term":[{"taxonomy":"category","embeddable":true,"href":"https:\/\/www.egemtv.com\/index.php?rest_route=%2Fwp%2Fv2%2Fcategories&post=84637"},{"taxonomy":"post_tag","embeddable":true,"href":"https:\/\/www.egemtv.com\/index.php?rest_route=%2Fwp%2Fv2%2Ftags&post=84637"}],"curies":[{"name":"wp","href":"https:\/\/api.w.org\/{rel}","templated":true}]}}