{"id":84634,"date":"2026-02-02T09:35:05","date_gmt":"2026-02-02T06:35:05","guid":{"rendered":"https:\/\/www.egemtv.com\/?p=84634"},"modified":"2026-02-02T09:35:06","modified_gmt":"2026-02-02T06:35:06","slug":"suruklenen-yelkenli-katamaran-tekneyi-kiyi-emniyet-ekipleri-kurtardi","status":"publish","type":"post","link":"https:\/\/www.egemtv.com\/?p=84634","title":{"rendered":"S\u00fcr\u00fcklenen Yelkenli Katamaran tekneyi K\u0131y\u0131 Emniyet ekipleri kurtard\u0131"},"content":{"rendered":"<p>Mu\u011fla\u2019n\u0131n Marmaris il\u00e7esi a\u00e7\u0131klar\u0131nda makine ar\u0131zas\u0131 yapan 24 metre uzunlu\u011fundaki yelkenli katamaran tekne s\u00fcr\u00fcklenmeye ba\u015flay\u0131nca K\u0131y\u0131 Emniyet Genel M\u00fcd\u00fcrl\u00fc\u011f\u00fc ekipleri taraf\u0131ndan kurtar\u0131ld\u0131.<br \/>\n<br \/>Marmaris Hisar\u00f6n\u00fc \u00f6nlerinde makine ar\u0131zas\u0131 nedeniyle s\u00fcr\u00fcklenen ve i\u00e7erisinde 2 ki\u015fi bulunan 24 metre boyundaki tekne, KIYEM-2 h\u0131zl\u0131 tahlisiye (can kurtarma) botuna yedeklenerek \u00f6zel bir marinada emniyete al\u0131nd\u0131.<br \/><\/p>\n","protected":false},"excerpt":{"rendered":"<p>Mu\u011fla\u2019n\u0131n Marmaris il\u00e7esi a\u00e7\u0131klar\u0131nda makine ar\u0131zas\u0131 yapan 24 metre uzunlu\u011fundaki yelkenli katamaran tekne s\u00fcr\u00fcklenmeye ba\u015flay\u0131nca K\u0131y\u0131 Emniyet Genel M\u00fcd\u00fcrl\u00fc\u011f\u00fc ekipleri taraf\u0131ndan kurtar\u0131ld\u0131. Marmaris Hisar\u00f6n\u00fc \u00f6nlerinde makine ar\u0131zas\u0131 nedeniyle s\u00fcr\u00fcklenen ve i\u00e7erisinde 2 ki\u015fi bulunan 24 metre boyundaki tekne, KIYEM-2 h\u0131zl\u0131 tahlisiye (can kurtarma) botuna yedeklenerek \u00f6zel bir marinada emniyete al\u0131nd\u0131.<\/p>\n","protected":false},"author":1,"featured_media":84635,"comment_status":"open","ping_status":"open","sticky":false,"template":"","format":"standard","meta":{"_crdt_document":"","footnotes":""},"categories":[5],"tags":[],"class_list":["post-84634","post","type-post","status-publish","format-standard","has-post-thumbnail","hentry","category-asayis"],"_links":{"self":[{"href":"https:\/\/www.egemtv.com\/index.php?rest_route=\/wp\/v2\/posts\/84634","targetHints":{"allow":["GET"]}}],"collection":[{"href":"https:\/\/www.egemtv.com\/index.php?rest_route=\/wp\/v2\/posts"}],"about":[{"href":"https:\/\/www.egemtv.com\/index.php?rest_route=\/wp\/v2\/types\/post"}],"author":[{"embeddable":true,"href":"https:\/\/www.egemtv.com\/index.php?rest_route=\/wp\/v2\/users\/1"}],"replies":[{"embeddable":true,"href":"https:\/\/www.egemtv.com\/index.php?rest_route=%2Fwp%2Fv2%2Fcomments&post=84634"}],"version-history":[{"count":1,"href":"https:\/\/www.egemtv.com\/index.php?rest_route=\/wp\/v2\/posts\/84634\/revisions"}],"predecessor-version":[{"id":84636,"href":"https:\/\/www.egemtv.com\/index.php?rest_route=\/wp\/v2\/posts\/84634\/revisions\/84636"}],"wp:featuredmedia":[{"embeddable":true,"href":"https:\/\/www.egemtv.com\/index.php?rest_route=\/wp\/v2\/media\/84635"}],"wp:attachment":[{"href":"https:\/\/www.egemtv.com\/index.php?rest_route=%2Fwp%2Fv2%2Fmedia&parent=84634"}],"wp:term":[{"taxonomy":"category","embeddable":true,"href":"https:\/\/www.egemtv.com\/index.php?rest_route=%2Fwp%2Fv2%2Fcategories&post=84634"},{"taxonomy":"post_tag","embeddable":true,"href":"https:\/\/www.egemtv.com\/index.php?rest_route=%2Fwp%2Fv2%2Ftags&post=84634"}],"curies":[{"name":"wp","href":"https:\/\/api.w.org\/{rel}","templated":true}]}}