{"id":84631,"date":"2026-02-02T09:35:04","date_gmt":"2026-02-02T06:35:04","guid":{"rendered":"https:\/\/www.egemtv.com\/?p=84631"},"modified":"2026-02-02T09:35:05","modified_gmt":"2026-02-02T06:35:05","slug":"yollar-gole-dondu-mahsur-kalanlari-zabita-sirtinda-tasidi","status":"publish","type":"post","link":"https:\/\/www.egemtv.com\/?p=84631","title":{"rendered":"Yollar g\u00f6le d\u00f6nd\u00fc, mahsur kalanlar\u0131 zab\u0131ta s\u0131rt\u0131nda ta\u015f\u0131d\u0131"},"content":{"rendered":"<p>Turuncu alarm verilen \u0130zmir\u2019de etkili olan sa\u011fanak ya\u011f\u0131\u015flarda sahaya inen \u0130zmir B\u00fcy\u00fck\u015fehir Belediyesi zab\u0131ta ekipleri, mahsur kalan vatanda\u015flar\u0131 s\u0131rt\u0131nda ta\u015f\u0131yarak g\u00fcvenli alanlara ula\u015ft\u0131rd\u0131. Y\u00fcrekleri \u0131s\u0131tan g\u00f6r\u00fcnt\u00fcler Alsancak ba\u015fta olmak \u00fczere kentin bir\u00e7ok noktas\u0131nda ya\u015fand\u0131.<br \/>\n<br \/>\u0130zmir i\u00e7in verilen turuncu alarm ve etkili sa\u011fanak ya\u011f\u0131\u015flardan dolay\u0131 \u0130zmir B\u00fcy\u00fck\u015fehir Belediyesi Afet Koordinasyon Merkezi \u015eube M\u00fcd\u00fcrl\u00fc\u011f\u00fc\u2019nde (AKOM) kurulan kriz masas\u0131yla koordineli \u00e7al\u0131\u015fan Zab\u0131ta Dairesi Ba\u015fkanl\u0131\u011f\u0131\u2019na ba\u011fl\u0131 ekipler gelen ihbarlara an\u0131nda m\u00fcdahale etti. Alsancak K\u0131br\u0131s \u015eehitleri Caddesi\u2019nde suyla dolan alanda mahsur kalan vatanda\u015flar zab\u0131ta ekiplerince kurtar\u0131ld\u0131. Vatanda\u015flar\u0131 kendi kamyonet ve hizmet ara\u00e7lar\u0131yla ta\u015f\u0131yan ekiplerin \u00e7al\u0131\u015fmalar\u0131 s\u0131ras\u0131nda y\u00fcrekleri \u0131s\u0131tan g\u00f6r\u00fcnt\u00fcler olu\u015ftu. \u00c7ekicilerin de sahada oldu\u011fu mesaide personel zaman zaman vatanda\u015flar\u0131 omuzlar\u0131nda ve s\u0131rt\u0131nda ta\u015f\u0131d\u0131.<br \/>\n<br \/>183 personeliyle sahada yo\u011fun mesai harcayan \u0130zmir B\u00fcy\u00fck\u015fehir Belediyesi Zab\u0131ta Dairesi Ba\u015fkanl\u0131\u011f\u0131 ekipleri, trafik kazalar\u0131na ve yolda kalan ara\u00e7lara da an\u0131nda m\u00fcdahale etti. Buca EVKA 1 b\u00f6lgesinde su birikintisi i\u00e7erisinde kalarak hararet yapan ve motor k\u0131sm\u0131ndan duman \u00e7\u0131kan ara\u00e7taki yolcu, ekiplerce tahliye edildi. Mersinli b\u00f6lgesinde alt ge\u00e7itte ar\u0131za yapan bir ara\u00e7 g\u00fcvenli alana itildi ve ba\u015fka ara\u00e7tan takviye yap\u0131larak vatanda\u015f\u0131n ma\u011fduriyeti giderildi. Homeros Bulvar\u0131\u2019nda meydana gelen maddi hasarl\u0131 kazaya trafik polisiyle birlikte m\u00fcdahale edilerek yolun trafi\u011fe a\u00e7\u0131lmas\u0131 sa\u011fland\u0131.<br \/><\/p>\n","protected":false},"excerpt":{"rendered":"<p>Turuncu alarm verilen \u0130zmir\u2019de etkili olan sa\u011fanak ya\u011f\u0131\u015flarda sahaya inen \u0130zmir B\u00fcy\u00fck\u015fehir Belediyesi zab\u0131ta ekipleri, mahsur kalan vatanda\u015flar\u0131 s\u0131rt\u0131nda ta\u015f\u0131yarak g\u00fcvenli alanlara ula\u015ft\u0131rd\u0131. Y\u00fcrekleri \u0131s\u0131tan g\u00f6r\u00fcnt\u00fcler Alsancak ba\u015fta olmak \u00fczere kentin bir\u00e7ok noktas\u0131nda ya\u015fand\u0131. \u0130zmir i\u00e7in verilen turuncu alarm ve etkili sa\u011fanak ya\u011f\u0131\u015flardan dolay\u0131 \u0130zmir B\u00fcy\u00fck\u015fehir Belediyesi Afet Koordinasyon Merkezi \u015eube M\u00fcd\u00fcrl\u00fc\u011f\u00fc\u2019nde (AKOM) kurulan kriz&#8230;<\/p>\n","protected":false},"author":1,"featured_media":84632,"comment_status":"open","ping_status":"open","sticky":false,"template":"","format":"standard","meta":{"_crdt_document":"","footnotes":""},"categories":[5],"tags":[],"class_list":["post-84631","post","type-post","status-publish","format-standard","has-post-thumbnail","hentry","category-asayis"],"_links":{"self":[{"href":"https:\/\/www.egemtv.com\/index.php?rest_route=\/wp\/v2\/posts\/84631","targetHints":{"allow":["GET"]}}],"collection":[{"href":"https:\/\/www.egemtv.com\/index.php?rest_route=\/wp\/v2\/posts"}],"about":[{"href":"https:\/\/www.egemtv.com\/index.php?rest_route=\/wp\/v2\/types\/post"}],"author":[{"embeddable":true,"href":"https:\/\/www.egemtv.com\/index.php?rest_route=\/wp\/v2\/users\/1"}],"replies":[{"embeddable":true,"href":"https:\/\/www.egemtv.com\/index.php?rest_route=%2Fwp%2Fv2%2Fcomments&post=84631"}],"version-history":[{"count":1,"href":"https:\/\/www.egemtv.com\/index.php?rest_route=\/wp\/v2\/posts\/84631\/revisions"}],"predecessor-version":[{"id":84633,"href":"https:\/\/www.egemtv.com\/index.php?rest_route=\/wp\/v2\/posts\/84631\/revisions\/84633"}],"wp:featuredmedia":[{"embeddable":true,"href":"https:\/\/www.egemtv.com\/index.php?rest_route=\/wp\/v2\/media\/84632"}],"wp:attachment":[{"href":"https:\/\/www.egemtv.com\/index.php?rest_route=%2Fwp%2Fv2%2Fmedia&parent=84631"}],"wp:term":[{"taxonomy":"category","embeddable":true,"href":"https:\/\/www.egemtv.com\/index.php?rest_route=%2Fwp%2Fv2%2Fcategories&post=84631"},{"taxonomy":"post_tag","embeddable":true,"href":"https:\/\/www.egemtv.com\/index.php?rest_route=%2Fwp%2Fv2%2Ftags&post=84631"}],"curies":[{"name":"wp","href":"https:\/\/api.w.org\/{rel}","templated":true}]}}