{"id":84628,"date":"2026-02-02T09:35:03","date_gmt":"2026-02-02T06:35:03","guid":{"rendered":"https:\/\/www.egemtv.com\/?p=84628"},"modified":"2026-02-02T09:35:04","modified_gmt":"2026-02-02T06:35:04","slug":"aydinda-29-bin-851-sahis-sorgulandi","status":"publish","type":"post","link":"https:\/\/www.egemtv.com\/?p=84628","title":{"rendered":"Ayd\u0131n\u2019da 29 bin 851 \u015fah\u0131s sorguland\u0131"},"content":{"rendered":"<p>Ayd\u0131n\u2019da bir haftal\u0131k s\u00fcre\u00e7te polis ekipleri taraf\u0131ndan yap\u0131lan \u00e7al\u0131\u015fmalarda 29 bin 851 \u015fah\u0131s sorguland\u0131, 141 aranan \u015fah\u0131stan 64\u2019\u00fc tutukland\u0131.<\/p>\n<p>Ayd\u0131n \u0130l Emniyet M\u00fcd\u00fcrl\u00fc\u011f\u00fc taraf\u0131ndan 26 Ocak 2026 &#8211; 01 \u015eubat 2026 tarihleri aras\u0131nda yap\u0131lan \u00e7al\u0131\u015fmalarda 29 bin 851 \u015fah\u0131s sorgulan\u0131rken, 141 aranan \u015fah\u0131s yakaland\u0131, 64 \u015fah\u0131s tutukland\u0131. \u00c7al\u0131\u015fmalarda 21 h\u0131rs\u0131zl\u0131k olay\u0131 ayd\u0131nlat\u0131l\u0131rken, siber su\u00e7larla m\u00fccadelede ve sanal devriye faaliyetleri kapsam\u0131nda 31 \u015fahsa adli i\u015flem ger\u00e7ekle\u015ftirildi. Uyu\u015fturucu ile m\u00fccadele kapsam\u0131nda 11 bin 868 gram uyu\u015fturucu madde, 28 bin 525 adet sentetik ecza, 4 adet tabanca, 1 adet kurus\u0131k\u0131 tabanca, 2 adet Av T\u00fcfe\u011fi-Pompal\u0131 T\u00fcfek, 253 adet fi\u015fek ele ge\u00e7irildi. Ayr\u0131ca \u00e7al\u0131\u015fmalarda 17 bin 070 ara\u00e7 ve motosiklet sorgulan\u0131rken, 146 ara\u00e7 trafikten men edildi, 4 bin 524 ara\u00e7 s\u00fcr\u00fcc\u00fcs\u00fcne cezai i\u015flem uyguland\u0131.<br \/><\/p>\n","protected":false},"excerpt":{"rendered":"<p>Ayd\u0131n\u2019da bir haftal\u0131k s\u00fcre\u00e7te polis ekipleri taraf\u0131ndan yap\u0131lan \u00e7al\u0131\u015fmalarda 29 bin 851 \u015fah\u0131s sorguland\u0131, 141 aranan \u015fah\u0131stan 64\u2019\u00fc tutukland\u0131. Ayd\u0131n \u0130l Emniyet M\u00fcd\u00fcrl\u00fc\u011f\u00fc taraf\u0131ndan 26 Ocak 2026 &#8211; 01 \u015eubat 2026 tarihleri aras\u0131nda yap\u0131lan \u00e7al\u0131\u015fmalarda 29 bin 851 \u015fah\u0131s sorgulan\u0131rken, 141 aranan \u015fah\u0131s yakaland\u0131, 64 \u015fah\u0131s tutukland\u0131. \u00c7al\u0131\u015fmalarda 21 h\u0131rs\u0131zl\u0131k olay\u0131 ayd\u0131nlat\u0131l\u0131rken, siber su\u00e7larla m\u00fccadelede&#8230;<\/p>\n","protected":false},"author":1,"featured_media":84629,"comment_status":"open","ping_status":"open","sticky":false,"template":"","format":"standard","meta":{"_crdt_document":"","footnotes":""},"categories":[1],"tags":[],"class_list":["post-84628","post","type-post","status-publish","format-standard","has-post-thumbnail","hentry","category-guncel"],"_links":{"self":[{"href":"https:\/\/www.egemtv.com\/index.php?rest_route=\/wp\/v2\/posts\/84628","targetHints":{"allow":["GET"]}}],"collection":[{"href":"https:\/\/www.egemtv.com\/index.php?rest_route=\/wp\/v2\/posts"}],"about":[{"href":"https:\/\/www.egemtv.com\/index.php?rest_route=\/wp\/v2\/types\/post"}],"author":[{"embeddable":true,"href":"https:\/\/www.egemtv.com\/index.php?rest_route=\/wp\/v2\/users\/1"}],"replies":[{"embeddable":true,"href":"https:\/\/www.egemtv.com\/index.php?rest_route=%2Fwp%2Fv2%2Fcomments&post=84628"}],"version-history":[{"count":1,"href":"https:\/\/www.egemtv.com\/index.php?rest_route=\/wp\/v2\/posts\/84628\/revisions"}],"predecessor-version":[{"id":84630,"href":"https:\/\/www.egemtv.com\/index.php?rest_route=\/wp\/v2\/posts\/84628\/revisions\/84630"}],"wp:featuredmedia":[{"embeddable":true,"href":"https:\/\/www.egemtv.com\/index.php?rest_route=\/wp\/v2\/media\/84629"}],"wp:attachment":[{"href":"https:\/\/www.egemtv.com\/index.php?rest_route=%2Fwp%2Fv2%2Fmedia&parent=84628"}],"wp:term":[{"taxonomy":"category","embeddable":true,"href":"https:\/\/www.egemtv.com\/index.php?rest_route=%2Fwp%2Fv2%2Fcategories&post=84628"},{"taxonomy":"post_tag","embeddable":true,"href":"https:\/\/www.egemtv.com\/index.php?rest_route=%2Fwp%2Fv2%2Ftags&post=84628"}],"curies":[{"name":"wp","href":"https:\/\/api.w.org\/{rel}","templated":true}]}}