{"id":84625,"date":"2026-02-02T09:14:48","date_gmt":"2026-02-02T06:14:48","guid":{"rendered":"https:\/\/www.egemtv.com\/?p=84625"},"modified":"2026-02-02T09:14:49","modified_gmt":"2026-02-02T06:14:49","slug":"kaymakam-dogru-yagis-sonrasi-vatandaslarin-yaninda","status":"publish","type":"post","link":"https:\/\/www.egemtv.com\/?p=84625","title":{"rendered":"Kaymakam Do\u011fru ya\u011f\u0131\u015f sonras\u0131 vatanda\u015flar\u0131n yan\u0131nda"},"content":{"rendered":"<p>Germencik Kaymakam\u0131 Sultan Do\u011fru il\u00e7ede etkili olan ya\u011f\u0131\u015f sonras\u0131 evleri zarar g\u00f6ren vatanda\u015flar\u0131 yaln\u0131z b\u0131rakmad\u0131.<\/p>\n<p>Kaymakam Sultan Do\u011fru, meteorolojinin uyar\u0131lar\u0131 do\u011frultusunda il\u00e7e genelinde etkili olan ve ya\u011f\u0131\u015flar nedeniyle saha kontrollerini ve devriye faaliyetlerini koordine etti. Tekin Mahallesi\u2019nde iki konutun ya\u011fmur sular\u0131ndan etkilendi\u011fine ili\u015fkin ihbar al\u0131nmas\u0131 \u00fczerine ilgili kurumlar olay yerine intikal ederek i\u015f makineleriyle yap\u0131lan h\u0131zl\u0131 m\u00fcdahale sayesinde daha b\u00fcy\u00fck zararlar\u0131n \u00f6n\u00fcne ge\u00e7ildi.<br \/><\/p>\n","protected":false},"excerpt":{"rendered":"<p>Germencik Kaymakam\u0131 Sultan Do\u011fru il\u00e7ede etkili olan ya\u011f\u0131\u015f sonras\u0131 evleri zarar g\u00f6ren vatanda\u015flar\u0131 yaln\u0131z b\u0131rakmad\u0131. Kaymakam Sultan Do\u011fru, meteorolojinin uyar\u0131lar\u0131 do\u011frultusunda il\u00e7e genelinde etkili olan ve ya\u011f\u0131\u015flar nedeniyle saha kontrollerini ve devriye faaliyetlerini koordine etti. Tekin Mahallesi\u2019nde iki konutun ya\u011fmur sular\u0131ndan etkilendi\u011fine ili\u015fkin ihbar al\u0131nmas\u0131 \u00fczerine ilgili kurumlar olay yerine intikal ederek i\u015f makineleriyle yap\u0131lan&#8230;<\/p>\n","protected":false},"author":1,"featured_media":84626,"comment_status":"open","ping_status":"open","sticky":false,"template":"","format":"standard","meta":{"_crdt_document":"","footnotes":""},"categories":[1],"tags":[],"class_list":["post-84625","post","type-post","status-publish","format-standard","has-post-thumbnail","hentry","category-guncel"],"_links":{"self":[{"href":"https:\/\/www.egemtv.com\/index.php?rest_route=\/wp\/v2\/posts\/84625","targetHints":{"allow":["GET"]}}],"collection":[{"href":"https:\/\/www.egemtv.com\/index.php?rest_route=\/wp\/v2\/posts"}],"about":[{"href":"https:\/\/www.egemtv.com\/index.php?rest_route=\/wp\/v2\/types\/post"}],"author":[{"embeddable":true,"href":"https:\/\/www.egemtv.com\/index.php?rest_route=\/wp\/v2\/users\/1"}],"replies":[{"embeddable":true,"href":"https:\/\/www.egemtv.com\/index.php?rest_route=%2Fwp%2Fv2%2Fcomments&post=84625"}],"version-history":[{"count":1,"href":"https:\/\/www.egemtv.com\/index.php?rest_route=\/wp\/v2\/posts\/84625\/revisions"}],"predecessor-version":[{"id":84627,"href":"https:\/\/www.egemtv.com\/index.php?rest_route=\/wp\/v2\/posts\/84625\/revisions\/84627"}],"wp:featuredmedia":[{"embeddable":true,"href":"https:\/\/www.egemtv.com\/index.php?rest_route=\/wp\/v2\/media\/84626"}],"wp:attachment":[{"href":"https:\/\/www.egemtv.com\/index.php?rest_route=%2Fwp%2Fv2%2Fmedia&parent=84625"}],"wp:term":[{"taxonomy":"category","embeddable":true,"href":"https:\/\/www.egemtv.com\/index.php?rest_route=%2Fwp%2Fv2%2Fcategories&post=84625"},{"taxonomy":"post_tag","embeddable":true,"href":"https:\/\/www.egemtv.com\/index.php?rest_route=%2Fwp%2Fv2%2Ftags&post=84625"}],"curies":[{"name":"wp","href":"https:\/\/api.w.org\/{rel}","templated":true}]}}