{"id":84622,"date":"2026-02-02T03:54:32","date_gmt":"2026-02-02T00:54:32","guid":{"rendered":"https:\/\/www.egemtv.com\/?p=84622"},"modified":"2026-02-02T03:54:32","modified_gmt":"2026-02-02T00:54:32","slug":"usakta-iki-otomobil-carpisti-5-yarali","status":"publish","type":"post","link":"https:\/\/www.egemtv.com\/?p=84622","title":{"rendered":"U\u015fak\u2019ta iki otomobil \u00e7arp\u0131\u015ft\u0131: 5 yaral\u0131"},"content":{"rendered":"<p>U\u015fak\u2019ta iki otomobilin \u00e7arp\u0131\u015fmas\u0131 sonucu meydana gelen kazada 5 ki\u015fi yaralanarak hastaneye kald\u0131r\u0131ld\u0131.<br \/>\n<br \/>Kaza, Ulubey-U\u015fak karayolu K\u00f6seler k\u00f6y\u00fc yak\u0131nlar\u0131nda meydana geldi. Edinilen bilgilere g\u00f6re, S.D.\u00d6. (24) idaresindeki 45 LM 065 plakal\u0131 otomobil ile kar\u015f\u0131 y\u00f6nden gelen \u0130.D. (44) y\u00f6netimindeki 64 ABL 297 plakal\u0131 otomobil \u00e7arp\u0131\u015ft\u0131. \u00c7arp\u0131\u015fman\u0131n etkisiyle 45 LM 065 plakal\u0131 otomobil yakla\u015f\u0131k 5 metre y\u00fckseklikten tarlaya savruldu. \u00c7evredeki vatanda\u015flar\u0131n durumu 112 Acil \u00c7a\u011fr\u0131 Merkezi\u2019ne bildirmesi \u00fczerine olay yerine 112 Sa\u011fl\u0131k, polis ve jandarma ekipleri sevk edildi. 112 Sa\u011fl\u0131k ekiplerince s\u00fcr\u00fcc\u00fc S.D.\u00d6. Ulubey Devlet Hastanesi\u2019ne kald\u0131r\u0131l\u0131rken, di\u011fer otomobilin s\u00fcr\u00fcc\u00fcs\u00fc \u0130.D. ile otomobilde yolcu konumunda bulunan A.D. (38), A.B. (43) ve H.D. (59) U\u015fak E\u011fitim ve Ara\u015ft\u0131rma Hastanesi\u2019ne kald\u0131r\u0131ld\u0131.<br \/>\n<br \/>\u00d6te yandan kazayla ilgili inceleme ba\u015flat\u0131l\u0131rken, 45 LM 065 plakal\u0131 otomobilin kazada hurdaya d\u00f6nd\u00fc.<br \/><\/p>\n","protected":false},"excerpt":{"rendered":"<p>U\u015fak\u2019ta iki otomobilin \u00e7arp\u0131\u015fmas\u0131 sonucu meydana gelen kazada 5 ki\u015fi yaralanarak hastaneye kald\u0131r\u0131ld\u0131. Kaza, Ulubey-U\u015fak karayolu K\u00f6seler k\u00f6y\u00fc yak\u0131nlar\u0131nda meydana geldi. Edinilen bilgilere g\u00f6re, S.D.\u00d6. (24) idaresindeki 45 LM 065 plakal\u0131 otomobil ile kar\u015f\u0131 y\u00f6nden gelen \u0130.D. (44) y\u00f6netimindeki 64 ABL 297 plakal\u0131 otomobil \u00e7arp\u0131\u015ft\u0131. \u00c7arp\u0131\u015fman\u0131n etkisiyle 45 LM 065 plakal\u0131 otomobil yakla\u015f\u0131k 5 metre&#8230;<\/p>\n","protected":false},"author":1,"featured_media":84623,"comment_status":"open","ping_status":"open","sticky":false,"template":"","format":"standard","meta":{"_crdt_document":"","footnotes":""},"categories":[5],"tags":[],"class_list":["post-84622","post","type-post","status-publish","format-standard","has-post-thumbnail","hentry","category-asayis"],"_links":{"self":[{"href":"https:\/\/www.egemtv.com\/index.php?rest_route=\/wp\/v2\/posts\/84622","targetHints":{"allow":["GET"]}}],"collection":[{"href":"https:\/\/www.egemtv.com\/index.php?rest_route=\/wp\/v2\/posts"}],"about":[{"href":"https:\/\/www.egemtv.com\/index.php?rest_route=\/wp\/v2\/types\/post"}],"author":[{"embeddable":true,"href":"https:\/\/www.egemtv.com\/index.php?rest_route=\/wp\/v2\/users\/1"}],"replies":[{"embeddable":true,"href":"https:\/\/www.egemtv.com\/index.php?rest_route=%2Fwp%2Fv2%2Fcomments&post=84622"}],"version-history":[{"count":1,"href":"https:\/\/www.egemtv.com\/index.php?rest_route=\/wp\/v2\/posts\/84622\/revisions"}],"predecessor-version":[{"id":84624,"href":"https:\/\/www.egemtv.com\/index.php?rest_route=\/wp\/v2\/posts\/84622\/revisions\/84624"}],"wp:featuredmedia":[{"embeddable":true,"href":"https:\/\/www.egemtv.com\/index.php?rest_route=\/wp\/v2\/media\/84623"}],"wp:attachment":[{"href":"https:\/\/www.egemtv.com\/index.php?rest_route=%2Fwp%2Fv2%2Fmedia&parent=84622"}],"wp:term":[{"taxonomy":"category","embeddable":true,"href":"https:\/\/www.egemtv.com\/index.php?rest_route=%2Fwp%2Fv2%2Fcategories&post=84622"},{"taxonomy":"post_tag","embeddable":true,"href":"https:\/\/www.egemtv.com\/index.php?rest_route=%2Fwp%2Fv2%2Ftags&post=84622"}],"curies":[{"name":"wp","href":"https:\/\/api.w.org\/{rel}","templated":true}]}}