{"id":84619,"date":"2026-02-02T02:14:27","date_gmt":"2026-02-01T23:14:27","guid":{"rendered":"https:\/\/www.egemtv.com\/?p=84619"},"modified":"2026-02-02T02:14:27","modified_gmt":"2026-02-01T23:14:27","slug":"zeybek-oynamak-icin-sahneye-cikan-belediye-baskani-saniyelerle-kurtuldu-sahnenin-cokme-ani-kamerada","status":"publish","type":"post","link":"https:\/\/www.egemtv.com\/?p=84619","title":{"rendered":"Zeybek oynamak i\u00e7in sahneye \u00e7\u0131kan belediye ba\u015fkan\u0131 saniyelerle kurtuldu&#8230; Sahnenin \u00e7\u00f6kme an\u0131 kamerada"},"content":{"rendered":"<p>Ayd\u0131n\u2019\u0131n Kuyucak il\u00e7esinde d\u00fczenlenen bir etkinlikte e\u011flence ve korku bir arada ya\u015fand\u0131. Program \u00e7er\u00e7evesinde zeybek oynamak i\u00e7in sahneye \u00e7\u0131kan Belediye Ba\u015fkan\u0131, oyununu tamamlay\u0131p sahneden indi\u011fi s\u0131rada birden \u00e7\u0131kan f\u0131rt\u0131na sahneyi ve dev ekran\u0131 devirdi. Kuyucak Belediye Ba\u015fkan\u0131 U\u011fur Do\u011fanca\u2019n\u0131n saniyelerle \u00f6l\u00fcmden kurtuldu\u011fu anlar amat\u00f6r kameraya b\u00f6yle yans\u0131d\u0131.<br \/>\n<br \/>Kuyucak il\u00e7esinde d\u00fczenlenen program, halktan yo\u011fun ilgi g\u00f6rd\u00fc. Semt pazar\u0131nda ger\u00e7ekle\u015ftirilen program \u00e7er\u00e7evesinde sahneye davet edilen Kuyucak Belediye Ba\u015fkan\u0131 zeybek oynad\u0131. Ba\u015fkan Do\u011fanca\u2019n\u0131n sahnedeki zeybek performans\u0131 izleyenlerden tam not ald\u0131. Ba\u015fkan Do\u011fanca sahneden indi\u011fi s\u0131rada aniden bast\u0131ran f\u0131rt\u0131na, sahne kurulumunu vurdu. Do\u011fanca\u2019n\u0131n saniyeler \u00f6nce \u00fczerinde bulundu\u011fu alan\u0131n arkas\u0131ndaki dev LED ekran b\u00fcy\u00fck bir g\u00fcr\u00fclt\u00fcyle sahneye devrildi. Ba\u015fkan\u0131n sahneyi terk etmesiyle muhtemel bir facian\u0131n e\u015fi\u011finden d\u00f6n\u00fcl\u00fcrken, y\u00fcrekler a\u011fza geldi. Ucuz atlat\u0131lan kaza amat\u00f6r kameraya b\u00f6yle yans\u0131d\u0131.<br \/><\/p>\n","protected":false},"excerpt":{"rendered":"<p>Ayd\u0131n\u2019\u0131n Kuyucak il\u00e7esinde d\u00fczenlenen bir etkinlikte e\u011flence ve korku bir arada ya\u015fand\u0131. Program \u00e7er\u00e7evesinde zeybek oynamak i\u00e7in sahneye \u00e7\u0131kan Belediye Ba\u015fkan\u0131, oyununu tamamlay\u0131p sahneden indi\u011fi s\u0131rada birden \u00e7\u0131kan f\u0131rt\u0131na sahneyi ve dev ekran\u0131 devirdi. Kuyucak Belediye Ba\u015fkan\u0131 U\u011fur Do\u011fanca\u2019n\u0131n saniyelerle \u00f6l\u00fcmden kurtuldu\u011fu anlar amat\u00f6r kameraya b\u00f6yle yans\u0131d\u0131. Kuyucak il\u00e7esinde d\u00fczenlenen program, halktan yo\u011fun ilgi g\u00f6rd\u00fc&#8230;.<\/p>\n","protected":false},"author":1,"featured_media":84620,"comment_status":"open","ping_status":"open","sticky":false,"template":"","format":"standard","meta":{"_crdt_document":"","footnotes":""},"categories":[5],"tags":[],"class_list":["post-84619","post","type-post","status-publish","format-standard","has-post-thumbnail","hentry","category-asayis"],"_links":{"self":[{"href":"https:\/\/www.egemtv.com\/index.php?rest_route=\/wp\/v2\/posts\/84619","targetHints":{"allow":["GET"]}}],"collection":[{"href":"https:\/\/www.egemtv.com\/index.php?rest_route=\/wp\/v2\/posts"}],"about":[{"href":"https:\/\/www.egemtv.com\/index.php?rest_route=\/wp\/v2\/types\/post"}],"author":[{"embeddable":true,"href":"https:\/\/www.egemtv.com\/index.php?rest_route=\/wp\/v2\/users\/1"}],"replies":[{"embeddable":true,"href":"https:\/\/www.egemtv.com\/index.php?rest_route=%2Fwp%2Fv2%2Fcomments&post=84619"}],"version-history":[{"count":1,"href":"https:\/\/www.egemtv.com\/index.php?rest_route=\/wp\/v2\/posts\/84619\/revisions"}],"predecessor-version":[{"id":84621,"href":"https:\/\/www.egemtv.com\/index.php?rest_route=\/wp\/v2\/posts\/84619\/revisions\/84621"}],"wp:featuredmedia":[{"embeddable":true,"href":"https:\/\/www.egemtv.com\/index.php?rest_route=\/wp\/v2\/media\/84620"}],"wp:attachment":[{"href":"https:\/\/www.egemtv.com\/index.php?rest_route=%2Fwp%2Fv2%2Fmedia&parent=84619"}],"wp:term":[{"taxonomy":"category","embeddable":true,"href":"https:\/\/www.egemtv.com\/index.php?rest_route=%2Fwp%2Fv2%2Fcategories&post=84619"},{"taxonomy":"post_tag","embeddable":true,"href":"https:\/\/www.egemtv.com\/index.php?rest_route=%2Fwp%2Fv2%2Ftags&post=84619"}],"curies":[{"name":"wp","href":"https:\/\/api.w.org\/{rel}","templated":true}]}}