{"id":84616,"date":"2026-02-02T01:14:32","date_gmt":"2026-02-01T22:14:32","guid":{"rendered":"https:\/\/www.egemtv.com\/?p=84616"},"modified":"2026-02-02T01:14:32","modified_gmt":"2026-02-01T22:14:32","slug":"lodos-denizi-tasirdi-dalgalar-yukseldi","status":"publish","type":"post","link":"https:\/\/www.egemtv.com\/?p=84616","title":{"rendered":"Lodos denizi ta\u015f\u0131rd\u0131, dalgalar y\u00fckseldi"},"content":{"rendered":"<p>Mu\u011fla\u2019n\u0131n Marmaris il\u00e7esinde etkili olan lodos denizi ta\u015f\u0131rd\u0131, dalgalar metrelerce y\u00fckse\u011fe \u00e7\u0131kt\u0131.<br \/>\n<br \/>Mu\u011fla genelinde etkili olan sa\u011fanak ya\u011f\u0131\u015f hayat\u0131 olumsuz etkilerken, denizlerde de f\u0131rt\u0131na meydana geldi. Marmaris il\u00e7esinde g\u00fcnd\u00fcz saatlerinden bu yana etkili olan lodos ise denizi ta\u015f\u0131rd\u0131. H\u0131z\u0131 saatte 50 kilometreyi a\u015fan \u015fiddetli lodos sebebiyle dalgalar da metrelerce y\u00fckse\u011fe \u00e7\u0131kt\u0131. A\u015fan dalgalar sebebiyle ise kordon sular alt\u0131nda kald\u0131. O anlar ise b\u00f6lgedeki vatanda\u015flar\u0131n cep telefonu kameralar\u0131na anbean yans\u0131d\u0131. G\u00f6r\u00fcnt\u00fclerde etkili olan lodos sebebiyle y\u00fckselen dalgalar\u0131n k\u0131y\u0131ya \u00e7arparak kordona ta\u015fmas\u0131 yer ald\u0131.<br \/><\/p>\n","protected":false},"excerpt":{"rendered":"<p>Mu\u011fla\u2019n\u0131n Marmaris il\u00e7esinde etkili olan lodos denizi ta\u015f\u0131rd\u0131, dalgalar metrelerce y\u00fckse\u011fe \u00e7\u0131kt\u0131. Mu\u011fla genelinde etkili olan sa\u011fanak ya\u011f\u0131\u015f hayat\u0131 olumsuz etkilerken, denizlerde de f\u0131rt\u0131na meydana geldi. Marmaris il\u00e7esinde g\u00fcnd\u00fcz saatlerinden bu yana etkili olan lodos ise denizi ta\u015f\u0131rd\u0131. H\u0131z\u0131 saatte 50 kilometreyi a\u015fan \u015fiddetli lodos sebebiyle dalgalar da metrelerce y\u00fckse\u011fe \u00e7\u0131kt\u0131. A\u015fan dalgalar sebebiyle ise&#8230;<\/p>\n","protected":false},"author":1,"featured_media":84617,"comment_status":"open","ping_status":"open","sticky":false,"template":"","format":"standard","meta":{"_crdt_document":"","footnotes":""},"categories":[1],"tags":[],"class_list":["post-84616","post","type-post","status-publish","format-standard","has-post-thumbnail","hentry","category-guncel"],"_links":{"self":[{"href":"https:\/\/www.egemtv.com\/index.php?rest_route=\/wp\/v2\/posts\/84616","targetHints":{"allow":["GET"]}}],"collection":[{"href":"https:\/\/www.egemtv.com\/index.php?rest_route=\/wp\/v2\/posts"}],"about":[{"href":"https:\/\/www.egemtv.com\/index.php?rest_route=\/wp\/v2\/types\/post"}],"author":[{"embeddable":true,"href":"https:\/\/www.egemtv.com\/index.php?rest_route=\/wp\/v2\/users\/1"}],"replies":[{"embeddable":true,"href":"https:\/\/www.egemtv.com\/index.php?rest_route=%2Fwp%2Fv2%2Fcomments&post=84616"}],"version-history":[{"count":1,"href":"https:\/\/www.egemtv.com\/index.php?rest_route=\/wp\/v2\/posts\/84616\/revisions"}],"predecessor-version":[{"id":84618,"href":"https:\/\/www.egemtv.com\/index.php?rest_route=\/wp\/v2\/posts\/84616\/revisions\/84618"}],"wp:featuredmedia":[{"embeddable":true,"href":"https:\/\/www.egemtv.com\/index.php?rest_route=\/wp\/v2\/media\/84617"}],"wp:attachment":[{"href":"https:\/\/www.egemtv.com\/index.php?rest_route=%2Fwp%2Fv2%2Fmedia&parent=84616"}],"wp:term":[{"taxonomy":"category","embeddable":true,"href":"https:\/\/www.egemtv.com\/index.php?rest_route=%2Fwp%2Fv2%2Fcategories&post=84616"},{"taxonomy":"post_tag","embeddable":true,"href":"https:\/\/www.egemtv.com\/index.php?rest_route=%2Fwp%2Fv2%2Ftags&post=84616"}],"curies":[{"name":"wp","href":"https:\/\/api.w.org\/{rel}","templated":true}]}}