{"id":84613,"date":"2026-02-02T01:14:30","date_gmt":"2026-02-01T22:14:30","guid":{"rendered":"https:\/\/www.egemtv.com\/?p=84613"},"modified":"2026-02-02T01:14:31","modified_gmt":"2026-02-01T22:14:31","slug":"marmariste-2-caretta-caretta-kiyiya-vurdu","status":"publish","type":"post","link":"https:\/\/www.egemtv.com\/?p=84613","title":{"rendered":"Marmaris\u2019te 2 caretta caretta k\u0131y\u0131ya vurdu"},"content":{"rendered":"<p>Mu\u011fla\u2019n\u0131n Marmaris il\u00e7esine ba\u011fl\u0131 Bay\u0131r Mahallesi \u00c7iftlik Koyu\u2019nda biri yeti\u015fkin biri yavru iki caretta caretta t\u00fcr\u00fc deniz kaplumba\u011fas\u0131 k\u0131y\u0131ya \u00f6l\u00fc olarak vurdu.<br \/>\n<br \/>Olay, Marmaris il\u00e7esi Bay\u0131r Mahallesi s\u0131n\u0131rlar\u0131nda bulunan \u00c7iftlik Koyu\u2019nda meydana geldi. Sahilde y\u00fcr\u00fcy\u00fc\u015f yapan vatanda\u015flar, kumluk alanda biri yeti\u015fkin di\u011feri yavru iki caretta caretta deniz kaplumba\u011fas\u0131n\u0131n hareketsiz halde k\u0131y\u0131ya vurdu\u011funu fark etti. Vatanda\u015flar\u0131n cep telefonu kameralar\u0131yla kaydetti\u011fi g\u00f6r\u00fcnt\u00fclerde her iki kaplumba\u011fan\u0131n da cans\u0131z oldu\u011fu g\u00f6r\u00fcl\u00fcrken, mahalle sakinleri yapt\u0131klar\u0131 ilk incelemede kaplumba\u011falar\u0131n g\u00f6r\u00fcnen b\u00f6lgelerinde herhangi bir yara ya da darp izine rastlamad\u0131klar\u0131n\u0131 ifade etti. Durumun ard\u0131ndan vatanda\u015flar\u0131n, deniz kaplumba\u011falar\u0131n\u0131n korunmas\u0131 ve tedavisi konusunda faaliyet g\u00f6steren DEKAMER ile ileti\u015fime ge\u00e7meye \u00e7al\u0131\u015ft\u0131\u011f\u0131 ancak kendilerine ula\u015famad\u0131klar\u0131 \u00f6\u011frenildi. Mahalle sakinleri, b\u00f6lgeyi koruma alt\u0131na alarak sabah saatlerinde yeniden yetkililere bilgi vereceklerini belirtti.<br \/><\/p>\n","protected":false},"excerpt":{"rendered":"<p>Mu\u011fla\u2019n\u0131n Marmaris il\u00e7esine ba\u011fl\u0131 Bay\u0131r Mahallesi \u00c7iftlik Koyu\u2019nda biri yeti\u015fkin biri yavru iki caretta caretta t\u00fcr\u00fc deniz kaplumba\u011fas\u0131 k\u0131y\u0131ya \u00f6l\u00fc olarak vurdu. Olay, Marmaris il\u00e7esi Bay\u0131r Mahallesi s\u0131n\u0131rlar\u0131nda bulunan \u00c7iftlik Koyu\u2019nda meydana geldi. Sahilde y\u00fcr\u00fcy\u00fc\u015f yapan vatanda\u015flar, kumluk alanda biri yeti\u015fkin di\u011feri yavru iki caretta caretta deniz kaplumba\u011fas\u0131n\u0131n hareketsiz halde k\u0131y\u0131ya vurdu\u011funu fark etti. Vatanda\u015flar\u0131n&#8230;<\/p>\n","protected":false},"author":1,"featured_media":84614,"comment_status":"open","ping_status":"open","sticky":false,"template":"","format":"standard","meta":{"_crdt_document":"","footnotes":""},"categories":[1],"tags":[],"class_list":["post-84613","post","type-post","status-publish","format-standard","has-post-thumbnail","hentry","category-guncel"],"_links":{"self":[{"href":"https:\/\/www.egemtv.com\/index.php?rest_route=\/wp\/v2\/posts\/84613","targetHints":{"allow":["GET"]}}],"collection":[{"href":"https:\/\/www.egemtv.com\/index.php?rest_route=\/wp\/v2\/posts"}],"about":[{"href":"https:\/\/www.egemtv.com\/index.php?rest_route=\/wp\/v2\/types\/post"}],"author":[{"embeddable":true,"href":"https:\/\/www.egemtv.com\/index.php?rest_route=\/wp\/v2\/users\/1"}],"replies":[{"embeddable":true,"href":"https:\/\/www.egemtv.com\/index.php?rest_route=%2Fwp%2Fv2%2Fcomments&post=84613"}],"version-history":[{"count":1,"href":"https:\/\/www.egemtv.com\/index.php?rest_route=\/wp\/v2\/posts\/84613\/revisions"}],"predecessor-version":[{"id":84615,"href":"https:\/\/www.egemtv.com\/index.php?rest_route=\/wp\/v2\/posts\/84613\/revisions\/84615"}],"wp:featuredmedia":[{"embeddable":true,"href":"https:\/\/www.egemtv.com\/index.php?rest_route=\/wp\/v2\/media\/84614"}],"wp:attachment":[{"href":"https:\/\/www.egemtv.com\/index.php?rest_route=%2Fwp%2Fv2%2Fmedia&parent=84613"}],"wp:term":[{"taxonomy":"category","embeddable":true,"href":"https:\/\/www.egemtv.com\/index.php?rest_route=%2Fwp%2Fv2%2Fcategories&post=84613"},{"taxonomy":"post_tag","embeddable":true,"href":"https:\/\/www.egemtv.com\/index.php?rest_route=%2Fwp%2Fv2%2Ftags&post=84613"}],"curies":[{"name":"wp","href":"https:\/\/api.w.org\/{rel}","templated":true}]}}