{"id":84610,"date":"2026-02-02T00:34:35","date_gmt":"2026-02-01T21:34:35","guid":{"rendered":"https:\/\/www.egemtv.com\/?p=84610"},"modified":"2026-02-02T00:34:37","modified_gmt":"2026-02-01T21:34:37","slug":"usakta-saganak-yagis-sonrasi-dolu-etkili-oldu","status":"publish","type":"post","link":"https:\/\/www.egemtv.com\/?p=84610","title":{"rendered":"U\u015fak\u2019ta sa\u011fanak ya\u011f\u0131\u015f sonras\u0131 dolu etkili oldu"},"content":{"rendered":"<p>U\u015fak\u2019ta ak\u015fam saatlerinde etkili olan sa\u011fanak ya\u011f\u0131\u015f\u0131n ard\u0131ndan ba\u015flayan dolu ya\u011f\u0131\u015f\u0131, kent genelinde yollar ve sokaklar\u0131 beyaza b\u00fcr\u00fcd\u00fc.<br \/>\n<br \/>Meteoroloji Genel M\u00fcd\u00fcrl\u00fc\u011f\u00fc\u2019n\u00fcn sa\u011fanak ya\u011f\u0131\u015f uyar\u0131s\u0131nda bulundu\u011fu U\u015fak\u2019ta beklenen ya\u011f\u0131\u015f ak\u015fam saatlerinde ba\u015flad\u0131. Sa\u011fanak ya\u011f\u0131\u015f\u0131n ard\u0131ndan kentte dolu ya\u011f\u0131\u015f\u0131 etkili oldu. K\u0131sa s\u00fcrede etkisini art\u0131ran dolu nedeniyle kent merkezinde cadde ve sokaklar beyaza b\u00fcr\u00fcn\u00fcrken, s\u00fcr\u00fcc\u00fcler trafikte ilerlemekte g\u00fc\u00e7l\u00fck ya\u015fad\u0131.<br \/>\n<br \/>\u00d6zellikle U\u015fak-\u0130zmir karayolunda dolu birikmesi nedeniyle ula\u015f\u0131mda aksamalar ya\u015fand\u0131. Karayollar\u0131 25. \u015eube \u015eefli\u011fi ekipleri, b\u00f6lgede grayder ile yol k\u00fcreme \u00e7al\u0131\u015fmas\u0131 yapt\u0131.<br \/><\/p>\n","protected":false},"excerpt":{"rendered":"<p>U\u015fak\u2019ta ak\u015fam saatlerinde etkili olan sa\u011fanak ya\u011f\u0131\u015f\u0131n ard\u0131ndan ba\u015flayan dolu ya\u011f\u0131\u015f\u0131, kent genelinde yollar ve sokaklar\u0131 beyaza b\u00fcr\u00fcd\u00fc. Meteoroloji Genel M\u00fcd\u00fcrl\u00fc\u011f\u00fc\u2019n\u00fcn sa\u011fanak ya\u011f\u0131\u015f uyar\u0131s\u0131nda bulundu\u011fu U\u015fak\u2019ta beklenen ya\u011f\u0131\u015f ak\u015fam saatlerinde ba\u015flad\u0131. Sa\u011fanak ya\u011f\u0131\u015f\u0131n ard\u0131ndan kentte dolu ya\u011f\u0131\u015f\u0131 etkili oldu. K\u0131sa s\u00fcrede etkisini art\u0131ran dolu nedeniyle kent merkezinde cadde ve sokaklar beyaza b\u00fcr\u00fcn\u00fcrken, s\u00fcr\u00fcc\u00fcler trafikte ilerlemekte&#8230;<\/p>\n","protected":false},"author":1,"featured_media":84611,"comment_status":"open","ping_status":"open","sticky":false,"template":"","format":"standard","meta":{"_crdt_document":"","footnotes":""},"categories":[1],"tags":[],"class_list":["post-84610","post","type-post","status-publish","format-standard","has-post-thumbnail","hentry","category-guncel"],"_links":{"self":[{"href":"https:\/\/www.egemtv.com\/index.php?rest_route=\/wp\/v2\/posts\/84610","targetHints":{"allow":["GET"]}}],"collection":[{"href":"https:\/\/www.egemtv.com\/index.php?rest_route=\/wp\/v2\/posts"}],"about":[{"href":"https:\/\/www.egemtv.com\/index.php?rest_route=\/wp\/v2\/types\/post"}],"author":[{"embeddable":true,"href":"https:\/\/www.egemtv.com\/index.php?rest_route=\/wp\/v2\/users\/1"}],"replies":[{"embeddable":true,"href":"https:\/\/www.egemtv.com\/index.php?rest_route=%2Fwp%2Fv2%2Fcomments&post=84610"}],"version-history":[{"count":1,"href":"https:\/\/www.egemtv.com\/index.php?rest_route=\/wp\/v2\/posts\/84610\/revisions"}],"predecessor-version":[{"id":84612,"href":"https:\/\/www.egemtv.com\/index.php?rest_route=\/wp\/v2\/posts\/84610\/revisions\/84612"}],"wp:featuredmedia":[{"embeddable":true,"href":"https:\/\/www.egemtv.com\/index.php?rest_route=\/wp\/v2\/media\/84611"}],"wp:attachment":[{"href":"https:\/\/www.egemtv.com\/index.php?rest_route=%2Fwp%2Fv2%2Fmedia&parent=84610"}],"wp:term":[{"taxonomy":"category","embeddable":true,"href":"https:\/\/www.egemtv.com\/index.php?rest_route=%2Fwp%2Fv2%2Fcategories&post=84610"},{"taxonomy":"post_tag","embeddable":true,"href":"https:\/\/www.egemtv.com\/index.php?rest_route=%2Fwp%2Fv2%2Ftags&post=84610"}],"curies":[{"name":"wp","href":"https:\/\/api.w.org\/{rel}","templated":true}]}}