{"id":84607,"date":"2026-02-01T23:54:53","date_gmt":"2026-02-01T20:54:53","guid":{"rendered":"https:\/\/www.egemtv.com\/?p=84607"},"modified":"2026-02-01T23:54:54","modified_gmt":"2026-02-01T20:54:54","slug":"bodrumu-saganak-vurdu-arac-suruklendi-evleri-su-basti","status":"publish","type":"post","link":"https:\/\/www.egemtv.com\/?p=84607","title":{"rendered":"Bodrum\u2019u sa\u011fanak vurdu: Ara\u00e7 s\u00fcr\u00fcklendi, evleri su bast\u0131"},"content":{"rendered":"<p>Mu\u011fla\u2019n\u0131n Bodrum il\u00e7esinde ak\u015fam saatlerinde etkisini art\u0131ran sa\u011fanak nedeniyle cadde ve sokaklar g\u00f6le d\u00f6nerken, bir ara\u00e7 sel sular\u0131nda s\u00fcr\u00fcklendi, 7 evi su bast\u0131.<br \/>\n<br \/>Bodrum\u2019da ak\u015fam saatlerinde ba\u015flayan ve k\u0131sa s\u00fcrede \u015fiddetini art\u0131ran ya\u011fmur, dere yataklar\u0131n\u0131n debisinin y\u00fckselmesine neden oldu. Yollar\u0131n g\u00f6le d\u00f6nd\u00fc\u011f\u00fc il\u00e7ede Bitez Mahallesi\u2019nde sel sular\u0131na kap\u0131lan bir otomobil dere menfezinde s\u0131k\u0131\u015farak durabildi. \u0130tfaiye ve belediye ekiplerinin \u00e7al\u0131\u015fmas\u0131yla kurtar\u0131lan arac\u0131n s\u00fcr\u00fcc\u00fcs\u00fc b\u00fcy\u00fck \u015fok ya\u015fad\u0131. Ortakent Kav\u015fa\u011f\u0131\u2019nda yoldan gelen mil ve kum birikintileri nedeniyle ula\u015f\u0131m durma noktas\u0131na gelirken, belediye ekipleri yolu yeniden ula\u015f\u0131ma a\u00e7mak i\u00e7in \u00e7al\u0131\u015fma ba\u015flatt\u0131. Akyarlar Mahallesi\u2019nde dere kenar\u0131nda \u00e7\u00f6kme meydana gelen yolda ekipler \u00f6nlem ald\u0131. G\u00f6lt\u00fcrkb\u00fck\u00fc ve Ortakent\u2019te ise 7 evi su bast\u0131. Ya\u011f\u0131\u015f\u0131n ard\u0131ndan cadde, sokak, dere yataklar\u0131 ve ana yollarda temizlik ve yollar\u0131 a\u00e7ma \u00e7al\u0131\u015fmalar\u0131 ba\u015flat\u0131ld\u0131.<br \/>\n<br \/>\u00c7al\u0131\u015fmalar\u0131 sahada bizzat y\u00f6neten Bodrum Belediye Ba\u015fkan\u0131 Tamer Mandalinci, Ortakent, Turgutreis, Bitez, Konac\u0131k, T\u00fcrkb\u00fck\u00fc ve G\u00f6lk\u00f6y mahallelerinde \u015fiddetli ya\u011f\u0131\u015f nedeniyle toplam 7 konutta 4-5 santimetre seviyesinde su bask\u0131n\u0131 ya\u015fand\u0131\u011f\u0131n\u0131 a\u00e7\u0131klad\u0131. Ba\u015fkan Mandalinci, Turgutreis \u00e7ar\u015f\u0131 b\u00f6lgesinde ya\u011fmur suyu hatlar\u0131n\u0131n t\u0131kanmas\u0131 sonucu baz\u0131 i\u015fletmelerin su basma riskiyle kar\u015f\u0131 kar\u015f\u0131ya kald\u0131\u011f\u0131n\u0131, MUSK\u0130 ve belediye ekiplerinin m\u00fcdahalesiyle mazgallar\u0131n a\u00e7\u0131ld\u0131\u011f\u0131n\u0131 ve b\u00f6lgede \u015fu an herhangi bir olumsuzluk bulunmad\u0131\u011f\u0131n\u0131 s\u00f6yledi. D-330 Karayolu\u2019nun Ortakent kesiminde da\u011fdan gelen mil ve toprak birikintilerinin Karayollar\u0131 ekiplerince temizlendi\u011fini belirten Mandalinci, &#8220;Bitez Bergamut Caddesi\u2019nde dere debisinin y\u00fckselmesi nedeniyle bir arac\u0131m\u0131z mahsur kald\u0131. \u0130tfaiye ve belediye ekiplerimizin m\u00fcdahalesiyle ara\u00e7 g\u00fcvenli \u015fekilde kurtar\u0131ld\u0131. Konac\u0131k Mahallemizde de bir arac\u0131m\u0131z yolda mahsur kalm\u0131\u015ft\u0131, o ara\u00e7 da sorunsuz \u015fekilde kurtar\u0131ld\u0131. Sahada 55 ara\u00e7 ve 115 personelle teyakkuz halindeyiz&#8221; dedi.<br \/><\/p>\n","protected":false},"excerpt":{"rendered":"<p>Mu\u011fla\u2019n\u0131n Bodrum il\u00e7esinde ak\u015fam saatlerinde etkisini art\u0131ran sa\u011fanak nedeniyle cadde ve sokaklar g\u00f6le d\u00f6nerken, bir ara\u00e7 sel sular\u0131nda s\u00fcr\u00fcklendi, 7 evi su bast\u0131. Bodrum\u2019da ak\u015fam saatlerinde ba\u015flayan ve k\u0131sa s\u00fcrede \u015fiddetini art\u0131ran ya\u011fmur, dere yataklar\u0131n\u0131n debisinin y\u00fckselmesine neden oldu. Yollar\u0131n g\u00f6le d\u00f6nd\u00fc\u011f\u00fc il\u00e7ede Bitez Mahallesi\u2019nde sel sular\u0131na kap\u0131lan bir otomobil dere menfezinde s\u0131k\u0131\u015farak durabildi. \u0130tfaiye&#8230;<\/p>\n","protected":false},"author":1,"featured_media":84608,"comment_status":"open","ping_status":"open","sticky":false,"template":"","format":"standard","meta":{"_crdt_document":"","footnotes":""},"categories":[1],"tags":[],"class_list":["post-84607","post","type-post","status-publish","format-standard","has-post-thumbnail","hentry","category-guncel"],"_links":{"self":[{"href":"https:\/\/www.egemtv.com\/index.php?rest_route=\/wp\/v2\/posts\/84607","targetHints":{"allow":["GET"]}}],"collection":[{"href":"https:\/\/www.egemtv.com\/index.php?rest_route=\/wp\/v2\/posts"}],"about":[{"href":"https:\/\/www.egemtv.com\/index.php?rest_route=\/wp\/v2\/types\/post"}],"author":[{"embeddable":true,"href":"https:\/\/www.egemtv.com\/index.php?rest_route=\/wp\/v2\/users\/1"}],"replies":[{"embeddable":true,"href":"https:\/\/www.egemtv.com\/index.php?rest_route=%2Fwp%2Fv2%2Fcomments&post=84607"}],"version-history":[{"count":1,"href":"https:\/\/www.egemtv.com\/index.php?rest_route=\/wp\/v2\/posts\/84607\/revisions"}],"predecessor-version":[{"id":84609,"href":"https:\/\/www.egemtv.com\/index.php?rest_route=\/wp\/v2\/posts\/84607\/revisions\/84609"}],"wp:featuredmedia":[{"embeddable":true,"href":"https:\/\/www.egemtv.com\/index.php?rest_route=\/wp\/v2\/media\/84608"}],"wp:attachment":[{"href":"https:\/\/www.egemtv.com\/index.php?rest_route=%2Fwp%2Fv2%2Fmedia&parent=84607"}],"wp:term":[{"taxonomy":"category","embeddable":true,"href":"https:\/\/www.egemtv.com\/index.php?rest_route=%2Fwp%2Fv2%2Fcategories&post=84607"},{"taxonomy":"post_tag","embeddable":true,"href":"https:\/\/www.egemtv.com\/index.php?rest_route=%2Fwp%2Fv2%2Ftags&post=84607"}],"curies":[{"name":"wp","href":"https:\/\/api.w.org\/{rel}","templated":true}]}}