{"id":84604,"date":"2026-02-01T23:54:52","date_gmt":"2026-02-01T20:54:52","guid":{"rendered":"https:\/\/www.egemtv.com\/?p=84604"},"modified":"2026-02-01T23:54:53","modified_gmt":"2026-02-01T20:54:53","slug":"muglada-saganak-etkili-oldu","status":"publish","type":"post","link":"https:\/\/www.egemtv.com\/?p=84604","title":{"rendered":"Mu\u011fla\u2019da sa\u011fanak etkili oldu"},"content":{"rendered":"<p>Mu\u011fla\u2019n\u0131n Mente\u015fe il\u00e7esinde sa\u011fanak ya\u011f\u0131\u015f etkili oldu, baz\u0131 sokaklarda su birikintileri olu\u015ftu, s\u00fcr\u00fcc\u00fcler zaman zaman zor anlar ya\u015fad\u0131.<br \/>\n<br \/>Mu\u011fla genelinde etkili olan sa\u011fanak ya\u011f\u0131\u015f hayat\u0131 olumsuz etkiledi. Ak\u015fam saatlerinde Mente\u015fe il\u00e7esinde ba\u015flayan ya\u011f\u0131\u015f sonras\u0131nda baz\u0131 sokak ve caddelerde su birikintileri meydana geldi. Orhaniye Mahallesi \u0130smet \u00c7atak Caddesi \u00fczerinde meydana gelen su bask\u0131n\u0131 sonras\u0131nda bir\u00e7ok s\u00fcr\u00fcc\u00fc trafikte zor anlar ya\u015farken, vatanda\u015flar da zemin katlardaki ev ve i\u015fyerlerinde su bask\u0131n\u0131 olmamas\u0131 i\u00e7in kendi imkanlar\u0131yla \u00f6nlem ald\u0131. Sabah saatlerinde yap\u0131lan uyar\u0131lar\u0131n ard\u0131ndan teyakkuzda olan Mu\u011fla B\u00fcy\u00fck\u015fehir Belediyesi ve Mente\u015fe Belediyesi ekipleri de su bask\u0131nlar\u0131n\u0131n ya\u015fand\u0131\u011f\u0131 b\u00f6lgelerde \u00e7al\u0131\u015fma ba\u015flatt\u0131. Yetkililer olumsuzluklara kar\u015f\u0131 dikkatli ve tedbirli olunmas\u0131 konusunda vatanda\u015flar\u0131 uyard\u0131.<br \/><\/p>\n","protected":false},"excerpt":{"rendered":"<p>Mu\u011fla\u2019n\u0131n Mente\u015fe il\u00e7esinde sa\u011fanak ya\u011f\u0131\u015f etkili oldu, baz\u0131 sokaklarda su birikintileri olu\u015ftu, s\u00fcr\u00fcc\u00fcler zaman zaman zor anlar ya\u015fad\u0131. Mu\u011fla genelinde etkili olan sa\u011fanak ya\u011f\u0131\u015f hayat\u0131 olumsuz etkiledi. Ak\u015fam saatlerinde Mente\u015fe il\u00e7esinde ba\u015flayan ya\u011f\u0131\u015f sonras\u0131nda baz\u0131 sokak ve caddelerde su birikintileri meydana geldi. Orhaniye Mahallesi \u0130smet \u00c7atak Caddesi \u00fczerinde meydana gelen su bask\u0131n\u0131 sonras\u0131nda bir\u00e7ok s\u00fcr\u00fcc\u00fc&#8230;<\/p>\n","protected":false},"author":1,"featured_media":84605,"comment_status":"open","ping_status":"open","sticky":false,"template":"","format":"standard","meta":{"_crdt_document":"","footnotes":""},"categories":[5],"tags":[],"class_list":["post-84604","post","type-post","status-publish","format-standard","has-post-thumbnail","hentry","category-asayis"],"_links":{"self":[{"href":"https:\/\/www.egemtv.com\/index.php?rest_route=\/wp\/v2\/posts\/84604","targetHints":{"allow":["GET"]}}],"collection":[{"href":"https:\/\/www.egemtv.com\/index.php?rest_route=\/wp\/v2\/posts"}],"about":[{"href":"https:\/\/www.egemtv.com\/index.php?rest_route=\/wp\/v2\/types\/post"}],"author":[{"embeddable":true,"href":"https:\/\/www.egemtv.com\/index.php?rest_route=\/wp\/v2\/users\/1"}],"replies":[{"embeddable":true,"href":"https:\/\/www.egemtv.com\/index.php?rest_route=%2Fwp%2Fv2%2Fcomments&post=84604"}],"version-history":[{"count":1,"href":"https:\/\/www.egemtv.com\/index.php?rest_route=\/wp\/v2\/posts\/84604\/revisions"}],"predecessor-version":[{"id":84606,"href":"https:\/\/www.egemtv.com\/index.php?rest_route=\/wp\/v2\/posts\/84604\/revisions\/84606"}],"wp:featuredmedia":[{"embeddable":true,"href":"https:\/\/www.egemtv.com\/index.php?rest_route=\/wp\/v2\/media\/84605"}],"wp:attachment":[{"href":"https:\/\/www.egemtv.com\/index.php?rest_route=%2Fwp%2Fv2%2Fmedia&parent=84604"}],"wp:term":[{"taxonomy":"category","embeddable":true,"href":"https:\/\/www.egemtv.com\/index.php?rest_route=%2Fwp%2Fv2%2Fcategories&post=84604"},{"taxonomy":"post_tag","embeddable":true,"href":"https:\/\/www.egemtv.com\/index.php?rest_route=%2Fwp%2Fv2%2Ftags&post=84604"}],"curies":[{"name":"wp","href":"https:\/\/api.w.org\/{rel}","templated":true}]}}