{"id":84601,"date":"2026-02-01T23:34:29","date_gmt":"2026-02-01T20:34:29","guid":{"rendered":"https:\/\/www.egemtv.com\/?p=84601"},"modified":"2026-02-01T23:34:30","modified_gmt":"2026-02-01T20:34:30","slug":"kusadasinda-dere-tasti-alisveris-merkezi-sular-altinda-kaldi","status":"publish","type":"post","link":"https:\/\/www.egemtv.com\/?p=84601","title":{"rendered":"Ku\u015fadas\u0131\u2019nda dere ta\u015ft\u0131, al\u0131\u015fveri\u015f merkezi sular alt\u0131nda kald\u0131"},"content":{"rendered":"<p>Ayd\u0131n\u2019\u0131n Ku\u015fadas\u0131 il\u00e7esinde yo\u011fun ya\u011f\u0131\u015f sebebiyle derenin ta\u015fmas\u0131 sonucu bir al\u0131\u015fveri\u015f merkezi sular alt\u0131nda kald\u0131.<br \/>\n<br \/>\u0130l genelinde etkili olan ya\u011f\u0131\u015flar sebebiyle bir\u00e7ok noktada su bask\u0131nlar\u0131 ya\u015fan\u0131rken, Ku\u015fadas\u0131 il\u00e7esinde ortas\u0131ndan dere ge\u00e7en bir al\u0131\u015fveri\u015f merkezi de sular alt\u0131nda kald\u0131. Al\u0131\u015fveri\u015f merkezindeki bir\u00e7ok d\u00fckkan\u0131 su basarken, merkez y\u00f6netimi tedbir amac\u0131yla al\u0131\u015fveri\u015f merkezinin elektriklerini keserek, d\u00fckkan sahiplerini de i\u015f yerlerine \u00e7a\u011f\u0131rd\u0131. \u0130hbar \u00fczerine b\u00f6lgeye belediye ekipleri sevk edilirken, suyun tahliye edilmesi i\u00e7in \u00e7al\u0131\u015fma ba\u015flat\u0131ld\u0131. B\u00f6lgede \u00e7al\u0131\u015fmalar s\u00fcr\u00fcyor.<br \/><\/p>\n","protected":false},"excerpt":{"rendered":"<p>Ayd\u0131n\u2019\u0131n Ku\u015fadas\u0131 il\u00e7esinde yo\u011fun ya\u011f\u0131\u015f sebebiyle derenin ta\u015fmas\u0131 sonucu bir al\u0131\u015fveri\u015f merkezi sular alt\u0131nda kald\u0131. \u0130l genelinde etkili olan ya\u011f\u0131\u015flar sebebiyle bir\u00e7ok noktada su bask\u0131nlar\u0131 ya\u015fan\u0131rken, Ku\u015fadas\u0131 il\u00e7esinde ortas\u0131ndan dere ge\u00e7en bir al\u0131\u015fveri\u015f merkezi de sular alt\u0131nda kald\u0131. Al\u0131\u015fveri\u015f merkezindeki bir\u00e7ok d\u00fckkan\u0131 su basarken, merkez y\u00f6netimi tedbir amac\u0131yla al\u0131\u015fveri\u015f merkezinin elektriklerini keserek, d\u00fckkan sahiplerini de&#8230;<\/p>\n","protected":false},"author":1,"featured_media":84602,"comment_status":"open","ping_status":"open","sticky":false,"template":"","format":"standard","meta":{"_crdt_document":"","footnotes":""},"categories":[5],"tags":[],"class_list":["post-84601","post","type-post","status-publish","format-standard","has-post-thumbnail","hentry","category-asayis"],"_links":{"self":[{"href":"https:\/\/www.egemtv.com\/index.php?rest_route=\/wp\/v2\/posts\/84601","targetHints":{"allow":["GET"]}}],"collection":[{"href":"https:\/\/www.egemtv.com\/index.php?rest_route=\/wp\/v2\/posts"}],"about":[{"href":"https:\/\/www.egemtv.com\/index.php?rest_route=\/wp\/v2\/types\/post"}],"author":[{"embeddable":true,"href":"https:\/\/www.egemtv.com\/index.php?rest_route=\/wp\/v2\/users\/1"}],"replies":[{"embeddable":true,"href":"https:\/\/www.egemtv.com\/index.php?rest_route=%2Fwp%2Fv2%2Fcomments&post=84601"}],"version-history":[{"count":1,"href":"https:\/\/www.egemtv.com\/index.php?rest_route=\/wp\/v2\/posts\/84601\/revisions"}],"predecessor-version":[{"id":84603,"href":"https:\/\/www.egemtv.com\/index.php?rest_route=\/wp\/v2\/posts\/84601\/revisions\/84603"}],"wp:featuredmedia":[{"embeddable":true,"href":"https:\/\/www.egemtv.com\/index.php?rest_route=\/wp\/v2\/media\/84602"}],"wp:attachment":[{"href":"https:\/\/www.egemtv.com\/index.php?rest_route=%2Fwp%2Fv2%2Fmedia&parent=84601"}],"wp:term":[{"taxonomy":"category","embeddable":true,"href":"https:\/\/www.egemtv.com\/index.php?rest_route=%2Fwp%2Fv2%2Fcategories&post=84601"},{"taxonomy":"post_tag","embeddable":true,"href":"https:\/\/www.egemtv.com\/index.php?rest_route=%2Fwp%2Fv2%2Ftags&post=84601"}],"curies":[{"name":"wp","href":"https:\/\/api.w.org\/{rel}","templated":true}]}}