{"id":84598,"date":"2026-02-01T23:14:34","date_gmt":"2026-02-01T20:14:34","guid":{"rendered":"https:\/\/www.egemtv.com\/?p=84598"},"modified":"2026-02-01T23:14:35","modified_gmt":"2026-02-01T20:14:35","slug":"kusadasi-belediyesinin-yagmur-mesaisi-araliksiz-suruyor","status":"publish","type":"post","link":"https:\/\/www.egemtv.com\/?p=84598","title":{"rendered":"Ku\u015fadas\u0131 Belediyesi\u2019nin \u2019ya\u011fmur\u2019 mesaisi aral\u0131ks\u0131z s\u00fcr\u00fcyor"},"content":{"rendered":"<p>Ayd\u0131n\u2019\u0131n Ku\u015fadas\u0131 il\u00e7esinde yo\u011fun ya\u011f\u0131\u015f sebebiyle ta\u015fk\u0131n ve sel olaylar\u0131 ya\u015fan\u0131rken, sabah saatlerinden bu yana teyakkuz halinde olan Ku\u015fadas\u0131 Belediyesi ekiplerinin \u2019ya\u011fmur\u2019 mesaisi aral\u0131ks\u0131z s\u00fcr\u00fcyor. Ekiplerin h\u0131zl\u0131 m\u00fcdahalesiyle t\u0131kanan b\u00f6lgeler a\u00e7\u0131larak suyun tahliyesi yap\u0131l\u0131yor.<\/p>\n<p>Ayd\u0131n genelinde etkili olan sa\u011fanak ya\u011f\u0131\u015f hayat\u0131 olumsuz etkilerken, bir\u00e7ok noktada da ta\u015fk\u0131n ve sel olaylar\u0131 ya\u015fand\u0131. Ku\u015fadas\u0131 il\u00e7esinde de sabah saatlerinden bu yana sahaya inen Ku\u015fadas\u0131 Belediyesi ekipleri, yap\u0131lan uyar\u0131lar\u0131n ard\u0131ndan teyakkuz haline ge\u00e7erek olumsuzluklara kar\u015f\u0131 haz\u0131r duruma ge\u00e7mi\u015fti. \u0130l\u00e7e genelinde ak\u015fam saatlerinde ba\u015flayan yo\u011fun ya\u011f\u0131\u015f ve dolu sonras\u0131nda bir\u00e7ok noktada sel ve su bask\u0131nlar\u0131 ya\u015fand\u0131. Ta\u015fk\u0131n ya\u015fanan b\u00f6lgelere h\u0131zla m\u00fcdahale eden belediye ekipleri, olumsuzluklar\u0131 gidermek i\u00e7in \u00e7al\u0131\u015fma ba\u015flatt\u0131. Sorumluluk alanlar\u0131 d\u0131\u015f\u0131nda olan b\u00f6lgelerde de \u00e7al\u0131\u015fma yapan Ku\u015fadas\u0131 Belediyesi ekipleri, yo\u011fun su birikintilerini tahliyesi i\u00e7in yo\u011fun \u00e7aba sarf etti.<\/p>\n<p>Ya\u011f\u0131\u015flar\u0131n ba\u015flamas\u0131yla birlikte teyakkuz haline ge\u00e7en Ku\u015fadas\u0131 Belediyesi; Fen \u0130\u015fleri, Temizlik \u0130\u015fleri, Park ve Bah\u00e7eler ile Acil M\u00fcdahale ekiplerini e\u015f zamanl\u0131 olarak sahaya y\u00f6nlendirdi. Sel sular\u0131n\u0131n bast\u0131\u011f\u0131 ana arterler, ta\u015fan ya\u011fmur suyu hatlar\u0131, ula\u015f\u0131ma kapanan yollar i\u00e7in ekipler zamanla yar\u0131\u015ft\u0131. \u0130l\u00e7e genelinde su tahliyesi, r\u00f6gar kapaklar\u0131n\u0131n a\u00e7\u0131lmas\u0131, \u00e7amur ve bal\u00e7\u0131k temizli\u011fi, yol g\u00fcvenli\u011finin sa\u011flanmas\u0131 gibi kritik \u00e7al\u0131\u015fmalar, ekipler taraf\u0131ndan aral\u0131ks\u0131z s\u00fcrd\u00fcr\u00fcld\u00fc. Hayat\u0131n normale d\u00f6nmesi i\u00e7in ekiplerin b\u00f6lgelerdeki \u2019ya\u011fmur\u2019 mesaisi devam ediyor.<br \/><\/p>\n","protected":false},"excerpt":{"rendered":"<p>Ayd\u0131n\u2019\u0131n Ku\u015fadas\u0131 il\u00e7esinde yo\u011fun ya\u011f\u0131\u015f sebebiyle ta\u015fk\u0131n ve sel olaylar\u0131 ya\u015fan\u0131rken, sabah saatlerinden bu yana teyakkuz halinde olan Ku\u015fadas\u0131 Belediyesi ekiplerinin \u2019ya\u011fmur\u2019 mesaisi aral\u0131ks\u0131z s\u00fcr\u00fcyor. Ekiplerin h\u0131zl\u0131 m\u00fcdahalesiyle t\u0131kanan b\u00f6lgeler a\u00e7\u0131larak suyun tahliyesi yap\u0131l\u0131yor. Ayd\u0131n genelinde etkili olan sa\u011fanak ya\u011f\u0131\u015f hayat\u0131 olumsuz etkilerken, bir\u00e7ok noktada da ta\u015fk\u0131n ve sel olaylar\u0131 ya\u015fand\u0131. Ku\u015fadas\u0131 il\u00e7esinde de sabah&#8230;<\/p>\n","protected":false},"author":1,"featured_media":84599,"comment_status":"open","ping_status":"open","sticky":false,"template":"","format":"standard","meta":{"_crdt_document":"","footnotes":""},"categories":[1],"tags":[],"class_list":["post-84598","post","type-post","status-publish","format-standard","has-post-thumbnail","hentry","category-guncel"],"_links":{"self":[{"href":"https:\/\/www.egemtv.com\/index.php?rest_route=\/wp\/v2\/posts\/84598","targetHints":{"allow":["GET"]}}],"collection":[{"href":"https:\/\/www.egemtv.com\/index.php?rest_route=\/wp\/v2\/posts"}],"about":[{"href":"https:\/\/www.egemtv.com\/index.php?rest_route=\/wp\/v2\/types\/post"}],"author":[{"embeddable":true,"href":"https:\/\/www.egemtv.com\/index.php?rest_route=\/wp\/v2\/users\/1"}],"replies":[{"embeddable":true,"href":"https:\/\/www.egemtv.com\/index.php?rest_route=%2Fwp%2Fv2%2Fcomments&post=84598"}],"version-history":[{"count":1,"href":"https:\/\/www.egemtv.com\/index.php?rest_route=\/wp\/v2\/posts\/84598\/revisions"}],"predecessor-version":[{"id":84600,"href":"https:\/\/www.egemtv.com\/index.php?rest_route=\/wp\/v2\/posts\/84598\/revisions\/84600"}],"wp:featuredmedia":[{"embeddable":true,"href":"https:\/\/www.egemtv.com\/index.php?rest_route=\/wp\/v2\/media\/84599"}],"wp:attachment":[{"href":"https:\/\/www.egemtv.com\/index.php?rest_route=%2Fwp%2Fv2%2Fmedia&parent=84598"}],"wp:term":[{"taxonomy":"category","embeddable":true,"href":"https:\/\/www.egemtv.com\/index.php?rest_route=%2Fwp%2Fv2%2Fcategories&post=84598"},{"taxonomy":"post_tag","embeddable":true,"href":"https:\/\/www.egemtv.com\/index.php?rest_route=%2Fwp%2Fv2%2Ftags&post=84598"}],"curies":[{"name":"wp","href":"https:\/\/api.w.org\/{rel}","templated":true}]}}