{"id":84595,"date":"2026-02-01T22:42:29","date_gmt":"2026-02-01T19:42:29","guid":{"rendered":"https:\/\/www.egemtv.com\/?p=84595"},"modified":"2026-02-01T22:42:30","modified_gmt":"2026-02-01T19:42:30","slug":"manisada-muhtemel-taskinlara-karsi-ekipler-seferber-oldu","status":"publish","type":"post","link":"https:\/\/www.egemtv.com\/?p=84595","title":{"rendered":"Manisa\u2019da muhtemel ta\u015fk\u0131nlara kar\u015f\u0131 ekipler seferber oldu"},"content":{"rendered":"<p>Manisa B\u00fcy\u00fck\u015fehir Belediyesi ve Manisa Su ve Kanalizasyon \u0130daresi (MASK\u0130) Genel M\u00fcd\u00fcrl\u00fc\u011f\u00fc ekipleri, sa\u011fanak ya\u011f\u0131\u015f\u0131n ard\u0131ndan binin \u00fczerinde personel ve 500\u2019\u00fc a\u015fk\u0131n ara\u00e7la sahaya indi. Muhtemel ta\u015fk\u0131n ve su bask\u0131nlar\u0131na kar\u015f\u0131 kent genelinde yo\u011fun m\u00fccadele y\u00fcr\u00fct\u00fcld\u00fc.<br \/>\n<br \/>Manisa B\u00fcy\u00fck\u015fehir Belediyesi ile MASK\u0130 Genel M\u00fcd\u00fcrl\u00fc\u011f\u00fc ekipleri, etkili olan sa\u011fanak ya\u011f\u0131\u015f nedeniyle t\u00fcm birimleriyle sahaya indi. Vatanda\u015flar\u0131n ya\u011f\u0131\u015ftan olumsuz etkilenmemesi amac\u0131yla binin \u00fczerinde personel ile 500\u2019\u00fcn \u00fczerinde ara\u00e7 ve i\u015f makinesi g\u00f6rev yapt\u0131. Yo\u011fun ya\u011f\u0131\u015f uyar\u0131lar\u0131n\u0131n ard\u0131ndan teyakkuz haline ge\u00e7en ekipler, ya\u011f\u0131\u015f\u0131n ba\u015flad\u0131\u011f\u0131 ilk andan itibaren \u00f6zellikle merkez il\u00e7elerde muhtemel su bask\u0131n\u0131 ve ta\u015fk\u0131n riskine kar\u015f\u0131 \u00f6nlemler ald\u0131. Devriye ekiplerinin y\u00f6nlendirmeleri ve gelen ihbarlar do\u011frultusunda sahada h\u0131zl\u0131 m\u00fcdahaleler ger\u00e7ekle\u015ftirildi. Ya\u011fmur suyu \u0131zgaralar\u0131nda temizlik \u00e7al\u0131\u015fmalar\u0131 yap\u0131l\u0131rken, su tahliyesini rahatlatacak m\u00fcdahalelerle ula\u015f\u0131mda ya\u015fanabilecek olumsuzluklar\u0131n \u00f6n\u00fcne ge\u00e7ildi.<br \/>\n<br \/>K\u0131rsal mahallelerde ya\u015fayan vatanda\u015flar ve besledikleri hayvanlar i\u00e7in de tedbir alan ekipler, ihtiya\u00e7 duyulan b\u00f6lgelerde \u00e7ad\u0131r kurarak, bar\u0131nma deste\u011fi sa\u011flad\u0131. Su kanallar\u0131 ve derelerde meydana gelen yerel ta\u015fk\u0131nlara da an\u0131nda m\u00fcdahale edildi.<\/p>\n<p>&#8220;Vatanda\u015flar\u0131m\u0131z\u0131n taleplerine an\u0131nda cevap veriyoruz&#8221;<br \/>\n<br \/>Sahadaki \u00e7al\u0131\u015fmalar\u0131 yerinde inceleyen ve koordinasyonu sa\u011flayan Manisa B\u00fcy\u00fck\u015fehir Belediye Ba\u015fkan\u0131 Besim Dutlulu, yo\u011fun ya\u011f\u0131\u015f nedeniyle baz\u0131 b\u00f6lgelerde ta\u015fk\u0131nlar ya\u015fand\u0131\u011f\u0131n\u0131 ancak ekiplerin h\u0131zl\u0131 \u015fekilde m\u00fcdahale etti\u011fini s\u00f6yledi. Ba\u015fkan Dutlulu, &#8220;Manisa B\u00fcy\u00fck\u015fehir Belediyesi ve MASK\u0130 olarak ya\u011f\u0131\u015flar\u0131n ba\u015flad\u0131\u011f\u0131 ilk andan itibaren binin \u00fczerinde personelimiz ve 500\u2019\u00fcn \u00fczerinde ara\u00e7 ve i\u015f makinemizle sahaday\u0131z. Belediyemize ula\u015fan t\u00fcm hem\u015fehrilerimizin taleplerine aral\u0131ks\u0131z \u015fekilde cevap vermeye devam ediyoruz&#8221; dedi.<br \/>\n<br \/>MASK\u0130 ekipleri de ya\u011f\u0131\u015f s\u00fcresince ya\u011fmur suyu ve kanalizasyon hatlar\u0131nda temizlik \u00e7al\u0131\u015fmalar\u0131n\u0131 s\u00fcrd\u00fcrd\u00fc. Su ak\u0131\u015f\u0131n\u0131 engelleyen \u00e7\u00f6p ve r\u00fcsubat temizlenirken, vatanda\u015flardan gelen talepler do\u011frultusunda noktasal m\u00fcdahaleler ger\u00e7ekle\u015ftirildi.<\/p>\n<p>Ma\u011fduriyetler giderilecek<br \/>\n<br \/>Ya\u011f\u0131\u015f boyunca \u00e7al\u0131\u015fmalar\u0131n kesintisiz s\u00fcrece\u011fi belirtilirken, vatanda\u015flar\u0131n taleplerini 24 saat boyunca sosyal medya hesaplar\u0131, MASK\u0130 ALO 185 \u00c7a\u011fr\u0131 Merkezi, ALO 153 \u00c7\u00f6z\u00fcm Merkezi ve 444 99 45 numaral\u0131 WhatsApp hatt\u0131 \u00fczerinden Manisa B\u00fcy\u00fck\u015fehir Belediyesi\u2019ne iletebilece\u011fi bildirildi. Ya\u011f\u0131\u015f nedeniyle evlerde olu\u015fan zararlar\u0131n ise yap\u0131lacak hasar tespit \u00e7al\u0131\u015fmalar\u0131n\u0131n ard\u0131ndan nakdi destekle kar\u015f\u0131lanaca\u011f\u0131 ifade edildi.<br \/><\/p>\n","protected":false},"excerpt":{"rendered":"<p>Manisa B\u00fcy\u00fck\u015fehir Belediyesi ve Manisa Su ve Kanalizasyon \u0130daresi (MASK\u0130) Genel M\u00fcd\u00fcrl\u00fc\u011f\u00fc ekipleri, sa\u011fanak ya\u011f\u0131\u015f\u0131n ard\u0131ndan binin \u00fczerinde personel ve 500\u2019\u00fc a\u015fk\u0131n ara\u00e7la sahaya indi. Muhtemel ta\u015fk\u0131n ve su bask\u0131nlar\u0131na kar\u015f\u0131 kent genelinde yo\u011fun m\u00fccadele y\u00fcr\u00fct\u00fcld\u00fc. Manisa B\u00fcy\u00fck\u015fehir Belediyesi ile MASK\u0130 Genel M\u00fcd\u00fcrl\u00fc\u011f\u00fc ekipleri, etkili olan sa\u011fanak ya\u011f\u0131\u015f nedeniyle t\u00fcm birimleriyle sahaya indi. Vatanda\u015flar\u0131n ya\u011f\u0131\u015ftan&#8230;<\/p>\n","protected":false},"author":1,"featured_media":84596,"comment_status":"open","ping_status":"open","sticky":false,"template":"","format":"standard","meta":{"_crdt_document":"","footnotes":""},"categories":[1],"tags":[],"class_list":["post-84595","post","type-post","status-publish","format-standard","has-post-thumbnail","hentry","category-guncel"],"_links":{"self":[{"href":"https:\/\/www.egemtv.com\/index.php?rest_route=\/wp\/v2\/posts\/84595","targetHints":{"allow":["GET"]}}],"collection":[{"href":"https:\/\/www.egemtv.com\/index.php?rest_route=\/wp\/v2\/posts"}],"about":[{"href":"https:\/\/www.egemtv.com\/index.php?rest_route=\/wp\/v2\/types\/post"}],"author":[{"embeddable":true,"href":"https:\/\/www.egemtv.com\/index.php?rest_route=\/wp\/v2\/users\/1"}],"replies":[{"embeddable":true,"href":"https:\/\/www.egemtv.com\/index.php?rest_route=%2Fwp%2Fv2%2Fcomments&post=84595"}],"version-history":[{"count":1,"href":"https:\/\/www.egemtv.com\/index.php?rest_route=\/wp\/v2\/posts\/84595\/revisions"}],"predecessor-version":[{"id":84597,"href":"https:\/\/www.egemtv.com\/index.php?rest_route=\/wp\/v2\/posts\/84595\/revisions\/84597"}],"wp:featuredmedia":[{"embeddable":true,"href":"https:\/\/www.egemtv.com\/index.php?rest_route=\/wp\/v2\/media\/84596"}],"wp:attachment":[{"href":"https:\/\/www.egemtv.com\/index.php?rest_route=%2Fwp%2Fv2%2Fmedia&parent=84595"}],"wp:term":[{"taxonomy":"category","embeddable":true,"href":"https:\/\/www.egemtv.com\/index.php?rest_route=%2Fwp%2Fv2%2Fcategories&post=84595"},{"taxonomy":"post_tag","embeddable":true,"href":"https:\/\/www.egemtv.com\/index.php?rest_route=%2Fwp%2Fv2%2Ftags&post=84595"}],"curies":[{"name":"wp","href":"https:\/\/api.w.org\/{rel}","templated":true}]}}