{"id":84592,"date":"2026-02-01T22:14:35","date_gmt":"2026-02-01T19:14:35","guid":{"rendered":"https:\/\/www.egemtv.com\/?p=84592"},"modified":"2026-02-01T22:14:36","modified_gmt":"2026-02-01T19:14:36","slug":"suda-mahsur-kalan-aileyi-incirliova-belediyesi-ekipleri-kurtardi","status":"publish","type":"post","link":"https:\/\/www.egemtv.com\/?p=84592","title":{"rendered":"Suda mahsur kalan aileyi \u0130ncirliova Belediyesi ekipleri kurtard\u0131"},"content":{"rendered":"<p>\u0130ncirliova\u2019da etkili olan sa\u011fanak ya\u011f\u0131\u015f nedeniyle Yalk\u0131dere \u00c7ay\u0131 ta\u015ft\u0131. \u00c7aydan minib\u00fcs\u00fcyle kar\u015f\u0131ya ge\u00e7meye \u00e7al\u0131\u015fan Sezai Can ve ailesi, ara\u00e7lar\u0131n\u0131n suda mahsur kalmas\u0131 sonucu zor anlar ya\u015fad\u0131.<br \/>\n<br \/>Erbeyli Otoban kenar\u0131 mevkiinde \u00e7ay\u0131n i\u00e7erisinde mahsur kalan 5 ki\u015filik ailenin yard\u0131m\u0131na \u0130ncirliova Belediyesi ekipleri ko\u015ftu. Olay yerine sevk edilen belediye ekipleri, i\u015f makineleriyle yapt\u0131klar\u0131 h\u0131zl\u0131 ve koordineli m\u00fcdahale sayesinde Can ailesini g\u00fcvenli bir \u015fekilde kurtard\u0131. Sa\u011f salim kurtar\u0131lan aile, \u00f6zverili \u00e7al\u0131\u015fmalar\u0131 dolay\u0131s\u0131yla \u0130ncirliova Belediyesi ekiplerine te\u015fekk\u00fcr etti.<br \/>\n<br \/>\u0130ncirliova Belediye Ba\u015fkan\u0131 Aytekin Kaya ekiplerin ya\u011f\u0131\u015f\u0131n ilk an\u0131ndan itibaren sahada oldu\u011funu belirterek, &#8220;\u0130ncirliova Kaymakam\u0131m\u0131z \u0130lhan Abay Ba\u015fkanl\u0131\u011f\u0131nda ger\u00e7ekle\u015ftirdi\u011fimiz AFAD Koordinasyon toplant\u0131m\u0131zda belirledi\u011fimiz tedbirler do\u011frultusunda; il\u00e7emizde saat 16.00 itibariyle ba\u015flayan sa\u011fanak ya\u011f\u0131\u015f\u0131n ilk anlar\u0131ndan itibaren \u0130ncirliova Belediyesi ekiplerimiz, Ayd\u0131n B\u00fcy\u00fck\u015fehir Belediyesi ASK\u0130 ekiplerimiz, \u0130l\u00e7e Emniyet M\u00fcd\u00fcrl\u00fc\u011f\u00fc ekiplerimiz, \u0130l\u00e7e Jandarma Komutanl\u0131\u011f\u0131 ekiplerimiz ve devletimizin ilgili t\u00fcm kurumlar\u0131 sahada gerekli t\u00fcm m\u00fcdahaleleri aral\u0131ks\u0131z \u015fekilde s\u00fcrd\u00fcrmektedir. Gece boyunca devam etmesi beklenen ya\u011f\u0131\u015flar s\u00fcresince, vatanda\u015flar\u0131m\u0131z\u0131n can ve mal g\u00fcvenli\u011fini sa\u011flamak ad\u0131na ekiplerimiz teyakkuz halinde sahada olmaya devam edecektir. Muhtemel olumsuzluklara kar\u015f\u0131 gerekli t\u00fcm tedbirler al\u0131nm\u0131\u015f olup, hem\u015fehrilerimizin dikkatli ve tedbirli olmalar\u0131n\u0131 \u00f6nemle rica ediyoruz.&#8221; dedi.<br \/><\/p>\n","protected":false},"excerpt":{"rendered":"<p>\u0130ncirliova\u2019da etkili olan sa\u011fanak ya\u011f\u0131\u015f nedeniyle Yalk\u0131dere \u00c7ay\u0131 ta\u015ft\u0131. \u00c7aydan minib\u00fcs\u00fcyle kar\u015f\u0131ya ge\u00e7meye \u00e7al\u0131\u015fan Sezai Can ve ailesi, ara\u00e7lar\u0131n\u0131n suda mahsur kalmas\u0131 sonucu zor anlar ya\u015fad\u0131. Erbeyli Otoban kenar\u0131 mevkiinde \u00e7ay\u0131n i\u00e7erisinde mahsur kalan 5 ki\u015filik ailenin yard\u0131m\u0131na \u0130ncirliova Belediyesi ekipleri ko\u015ftu. Olay yerine sevk edilen belediye ekipleri, i\u015f makineleriyle yapt\u0131klar\u0131 h\u0131zl\u0131 ve koordineli m\u00fcdahale&#8230;<\/p>\n","protected":false},"author":1,"featured_media":84593,"comment_status":"open","ping_status":"open","sticky":false,"template":"","format":"standard","meta":{"_crdt_document":"","footnotes":""},"categories":[5],"tags":[],"class_list":["post-84592","post","type-post","status-publish","format-standard","has-post-thumbnail","hentry","category-asayis"],"_links":{"self":[{"href":"https:\/\/www.egemtv.com\/index.php?rest_route=\/wp\/v2\/posts\/84592","targetHints":{"allow":["GET"]}}],"collection":[{"href":"https:\/\/www.egemtv.com\/index.php?rest_route=\/wp\/v2\/posts"}],"about":[{"href":"https:\/\/www.egemtv.com\/index.php?rest_route=\/wp\/v2\/types\/post"}],"author":[{"embeddable":true,"href":"https:\/\/www.egemtv.com\/index.php?rest_route=\/wp\/v2\/users\/1"}],"replies":[{"embeddable":true,"href":"https:\/\/www.egemtv.com\/index.php?rest_route=%2Fwp%2Fv2%2Fcomments&post=84592"}],"version-history":[{"count":1,"href":"https:\/\/www.egemtv.com\/index.php?rest_route=\/wp\/v2\/posts\/84592\/revisions"}],"predecessor-version":[{"id":84594,"href":"https:\/\/www.egemtv.com\/index.php?rest_route=\/wp\/v2\/posts\/84592\/revisions\/84594"}],"wp:featuredmedia":[{"embeddable":true,"href":"https:\/\/www.egemtv.com\/index.php?rest_route=\/wp\/v2\/media\/84593"}],"wp:attachment":[{"href":"https:\/\/www.egemtv.com\/index.php?rest_route=%2Fwp%2Fv2%2Fmedia&parent=84592"}],"wp:term":[{"taxonomy":"category","embeddable":true,"href":"https:\/\/www.egemtv.com\/index.php?rest_route=%2Fwp%2Fv2%2Fcategories&post=84592"},{"taxonomy":"post_tag","embeddable":true,"href":"https:\/\/www.egemtv.com\/index.php?rest_route=%2Fwp%2Fv2%2Ftags&post=84592"}],"curies":[{"name":"wp","href":"https:\/\/api.w.org\/{rel}","templated":true}]}}