{"id":84589,"date":"2026-02-01T21:54:55","date_gmt":"2026-02-01T18:54:55","guid":{"rendered":"https:\/\/www.egemtv.com\/?p=84589"},"modified":"2026-02-01T21:54:55","modified_gmt":"2026-02-01T18:54:55","slug":"aydini-saganak-vurdu-soke-ve-kusadasi-yollarinda-ulasim-durdu","status":"publish","type":"post","link":"https:\/\/www.egemtv.com\/?p=84589","title":{"rendered":"Ayd\u0131n\u2019\u0131 sa\u011fanak vurdu: S\u00f6ke ve Ku\u015fadas\u0131 yollar\u0131nda ula\u015f\u0131m durdu"},"content":{"rendered":"<p>Ayd\u0131n\u2019da etkili olan sa\u011fanak ya\u011f\u0131\u015f nedeniyle S\u00f6ke ve Ku\u015fadas\u0131 yollar\u0131 bir s\u00fcre trafi\u011fe kapand\u0131.<br \/>\n<br \/>Meteoroloji ve AFAD taraf\u0131ndan Ayd\u0131n i\u00e7in \u2019sar\u0131 kodlu\u2019 uyar\u0131 yap\u0131lmas\u0131n\u0131n ard\u0131ndan ak\u015fam saatlerinde sa\u011fanak ya\u011f\u0131\u015f ve f\u0131rt\u0131na etkili oldu. \u00d6zellikle kentin bat\u0131 kesimlerinde ya\u015fanan \u015fiddetli ya\u011f\u0131\u015f hayat\u0131 olumsuz etkilerken, ula\u015f\u0131m noktalar\u0131nda aksamalar meydana geldi. Ayd\u0131n-S\u00f6ke ve Ayd\u0131n-Ku\u015fadas\u0131 aras\u0131ndaki \u00e7evre yolu bir s\u00fcre trafi\u011fe kapand\u0131. B\u00f6lgede ekipler g\u00fcvenlik \u00f6nlemi al\u0131rken, ara\u00e7lar ve \u015fehirler aras\u0131 yolcu otob\u00fcsleri farkl\u0131 g\u00fczergahlara y\u00f6nlendirildi. Sazl\u0131 ve Argavl\u0131 mevkilerinde ya\u015fanan toprak kaymas\u0131 ve su birikintisi yolun trafi\u011fin kapanmas\u0131na neden olurken, h\u0131zla b\u00f6lgeye giden S\u00f6ke Belediyesi ekipleri i\u015f makineleri ile m\u00fcdahale ba\u015flatt\u0131. Yap\u0131lan \u00e7al\u0131\u015fmalar\u0131n ard\u0131ndan trafik kontroll\u00fc \u015fekilde tek tarafl\u0131 verilmeye ba\u015fland\u0131.<br \/>\n<br \/>Yetkililer, olumsuz hava \u015fartlar\u0131 nedeniyle dikkatli ve tedbirli olunmas\u0131 uyar\u0131s\u0131nda bulundu.<br \/><\/p>\n","protected":false},"excerpt":{"rendered":"<p>Ayd\u0131n\u2019da etkili olan sa\u011fanak ya\u011f\u0131\u015f nedeniyle S\u00f6ke ve Ku\u015fadas\u0131 yollar\u0131 bir s\u00fcre trafi\u011fe kapand\u0131. Meteoroloji ve AFAD taraf\u0131ndan Ayd\u0131n i\u00e7in \u2019sar\u0131 kodlu\u2019 uyar\u0131 yap\u0131lmas\u0131n\u0131n ard\u0131ndan ak\u015fam saatlerinde sa\u011fanak ya\u011f\u0131\u015f ve f\u0131rt\u0131na etkili oldu. \u00d6zellikle kentin bat\u0131 kesimlerinde ya\u015fanan \u015fiddetli ya\u011f\u0131\u015f hayat\u0131 olumsuz etkilerken, ula\u015f\u0131m noktalar\u0131nda aksamalar meydana geldi. Ayd\u0131n-S\u00f6ke ve Ayd\u0131n-Ku\u015fadas\u0131 aras\u0131ndaki \u00e7evre yolu bir&#8230;<\/p>\n","protected":false},"author":1,"featured_media":84590,"comment_status":"open","ping_status":"open","sticky":false,"template":"","format":"standard","meta":{"_crdt_document":"","footnotes":""},"categories":[1],"tags":[],"class_list":["post-84589","post","type-post","status-publish","format-standard","has-post-thumbnail","hentry","category-guncel"],"_links":{"self":[{"href":"https:\/\/www.egemtv.com\/index.php?rest_route=\/wp\/v2\/posts\/84589","targetHints":{"allow":["GET"]}}],"collection":[{"href":"https:\/\/www.egemtv.com\/index.php?rest_route=\/wp\/v2\/posts"}],"about":[{"href":"https:\/\/www.egemtv.com\/index.php?rest_route=\/wp\/v2\/types\/post"}],"author":[{"embeddable":true,"href":"https:\/\/www.egemtv.com\/index.php?rest_route=\/wp\/v2\/users\/1"}],"replies":[{"embeddable":true,"href":"https:\/\/www.egemtv.com\/index.php?rest_route=%2Fwp%2Fv2%2Fcomments&post=84589"}],"version-history":[{"count":1,"href":"https:\/\/www.egemtv.com\/index.php?rest_route=\/wp\/v2\/posts\/84589\/revisions"}],"predecessor-version":[{"id":84591,"href":"https:\/\/www.egemtv.com\/index.php?rest_route=\/wp\/v2\/posts\/84589\/revisions\/84591"}],"wp:featuredmedia":[{"embeddable":true,"href":"https:\/\/www.egemtv.com\/index.php?rest_route=\/wp\/v2\/media\/84590"}],"wp:attachment":[{"href":"https:\/\/www.egemtv.com\/index.php?rest_route=%2Fwp%2Fv2%2Fmedia&parent=84589"}],"wp:term":[{"taxonomy":"category","embeddable":true,"href":"https:\/\/www.egemtv.com\/index.php?rest_route=%2Fwp%2Fv2%2Fcategories&post=84589"},{"taxonomy":"post_tag","embeddable":true,"href":"https:\/\/www.egemtv.com\/index.php?rest_route=%2Fwp%2Fv2%2Ftags&post=84589"}],"curies":[{"name":"wp","href":"https:\/\/api.w.org\/{rel}","templated":true}]}}